[{"@context":"https:\/\/schema.org\/","@type":"Article","@id":"https:\/\/www.feryl.cz\/autoskla-praha-vymenime-v-rekordnim-case\/#Article","mainEntityOfPage":"https:\/\/www.feryl.cz\/autoskla-praha-vymenime-v-rekordnim-case\/","headline":"Autoskla Praha vym\u011bn\u00edme v\u00a0rekordn\u00edm \u010dase","name":"Autoskla Praha vym\u011bn\u00edme v\u00a0rekordn\u00edm \u010dase","description":"Autoskla Praha to jsou mist\u0159i ve sv\u00e9m oboru. Jak\u00e9koli \u010deln\u00ed, zadn\u00ed i bo\u010dn\u00ed autosklo V\u00e1m namontuj\u00ed, hodn\u011b toho maj\u00ed skladem, co nemaj\u00ed, to rychle se\u017eenou. Se\u017eenou i takov\u00e9 lah\u016fdky, jako autoskla k je\u0159\u00e1b\u016fm, stavebn\u00edm stroj\u016fm \u010di atypick\u00e1 skla nebo skla na m\u00edru. Autoskla Praha nenab\u00edz\u00ed jen prodej a mont\u00e1\u017e autoskel. Nab\u00edz\u00ed i r\u016fzn\u00e9 novinky a&hellip; <div class=\"readmore-wrapper\"><a href=\"https:\/\/www.feryl.cz\/autoskla-praha-vymenime-v-rekordnim-case\/\" class=\"more-link\">P\u0159e\u010d\u00edst <\/a><\/div>","datePublished":"2025-01-18","dateModified":"2025-01-18","author":{"@type":"Person","@id":"https:\/\/www.feryl.cz\/author\/devene\/#Person","name":"devene","url":"https:\/\/www.feryl.cz\/author\/devene\/","identifier":1,"image":{"@type":"ImageObject","@id":"https:\/\/secure.gravatar.com\/avatar\/fb50772173929303fbe6024f179e4dd9837c71f6efc661bdb046860d442d05b5?s=96&d=mm&r=g","url":"https:\/\/secure.gravatar.com\/avatar\/fb50772173929303fbe6024f179e4dd9837c71f6efc661bdb046860d442d05b5?s=96&d=mm&r=g","height":96,"width":96}},"publisher":{"@type":"Organization","name":"feryl.cz","logo":{"@type":"ImageObject","@id":"\/logo.png","url":"\/logo.png","width":600,"height":60}},"url":"https:\/\/www.feryl.cz\/autoskla-praha-vymenime-v-rekordnim-case\/","wordCount":196,"articleBody":"Autoskla Praha to jsou mist\u0159i ve sv\u00e9m oboru. Jak\u00e9koli \u010deln\u00ed, zadn\u00ed i bo\u010dn\u00ed autosklo V\u00e1m namontuj\u00ed, hodn\u011b toho maj\u00ed skladem, co nemaj\u00ed, to rychle se\u017eenou. Se\u017eenou i takov\u00e9 lah\u016fdky, jako autoskla k je\u0159\u00e1b\u016fm, stavebn\u00edm stroj\u016fm \u010di atypick\u00e1 skla nebo skla na m\u00edru.Autoskla Praha nenab\u00edz\u00ed jen prodej a mont\u00e1\u017e autoskel. Nab\u00edz\u00ed i r\u016fzn\u00e9 novinky a vychyt\u00e1vky. Mezi n\u011b pat\u0159\u00ed nap\u0159. opravy autoskel sadou Glass-repair, po kter\u00e9 ani nepozn\u00e1te, kde jste prasklinku m\u011bli, a nano-st\u011bra\u010de. Nano-st\u011bra\u010de jsou hydrofobn\u00ed vrstva na Va\u0161em \u010deln\u00edm skle, tak\u017ee p\u0159i de\u0161ti vid\u00edte stejn\u011b jako za sucha. Dal\u0161\u00ed jejich v\u00fdhodou je, \u017ee se V\u00e1m na sklo nep\u0159ilep\u00ed otravn\u00fd hmyz.Kolik to bude st\u00e1tL\u00edb\u00ed se V\u00e1m nab\u00eddka Autoskla Praha a boj\u00edte se, \u017ee to bude p\u0159\u00edli\u0161 drah\u00e9? Nezoufejte, na na\u0161ich internetov\u00fdch str\u00e1nk\u00e1ch m\u00e1me podrobn\u00fd cen\u00edk v\u0161ech druh\u016f autoskel i ostatn\u00edch slu\u017eeb. Pokud budete m\u00edt dal\u0161\u00ed nejasnosti ohledn\u011b ceny, nev\u00e1hejte n\u00e1s kontaktovat.                                                                                                                                                                                                                                                                                                                                                                                        5\/5 - (1 vote)        "},{"@context":"https:\/\/schema.org\/","@type":"BreadcrumbList","itemListElement":[{"@type":"ListItem","position":1,"name":"Autoskla Praha vym\u011bn\u00edme v\u00a0rekordn\u00edm \u010dase","item":"https:\/\/www.feryl.cz\/autoskla-praha-vymenime-v-rekordnim-case\/#breadcrumbitem"}]}]