[{"@context":"https:\/\/schema.org\/","@type":"Article","@id":"https:\/\/www.feryl.cz\/batuzky-pro-male-vyletniky\/#Article","mainEntityOfPage":"https:\/\/www.feryl.cz\/batuzky-pro-male-vyletniky\/","headline":"Bat\u016f\u017eky pro mal\u00e9 v\u00fdletn\u00edky","name":"Bat\u016f\u017eky pro mal\u00e9 v\u00fdletn\u00edky","description":"M\u00e1te doma mal\u00e9 d\u00edtko, kter\u00e9mu ned\u011bl\u00e1 probl\u00e9m del\u0161\u00ed ch\u016fze, a proto toho vyu\u017e\u00edv\u00e1te na del\u0161\u00ed proch\u00e1zky a nejr\u016fzn\u011bj\u0161\u00ed v\u00fdlety? Nebo jezd\u00ed k babi\u010dk\u00e1m na n\u00e1v\u0161t\u011bvu a na p\u0159esp\u00e1n\u00ed? I pro tyto p\u0159\u00edle\u017eitosti se hod\u00ed n\u011bjak\u00e9 to men\u0161\u00ed zavazadlo, do kter\u00e9ho se va\u0161emu d\u00edt\u011bti vejde to nejnutn\u011bj\u0161\u00ed. Ide\u00e1ln\u00edm \u0159e\u0161en\u00edm pro nejmen\u0161\u00ed d\u011bti je bat\u016f\u017eek v praktick\u00e9&hellip; <div class=\"readmore-wrapper\"><a href=\"https:\/\/www.feryl.cz\/batuzky-pro-male-vyletniky\/\" class=\"more-link\">P\u0159e\u010d\u00edst <\/a><\/div>","datePublished":"2019-09-21","dateModified":"2023-05-02","author":{"@type":"Person","@id":"https:\/\/www.feryl.cz\/author\/devene\/#Person","name":"devene","url":"https:\/\/www.feryl.cz\/author\/devene\/","identifier":1,"image":{"@type":"ImageObject","@id":"https:\/\/secure.gravatar.com\/avatar\/fb50772173929303fbe6024f179e4dd9837c71f6efc661bdb046860d442d05b5?s=96&d=mm&r=g","url":"https:\/\/secure.gravatar.com\/avatar\/fb50772173929303fbe6024f179e4dd9837c71f6efc661bdb046860d442d05b5?s=96&d=mm&r=g","height":96,"width":96}},"publisher":{"@type":"Organization","name":"feryl.cz","logo":{"@type":"ImageObject","@id":"\/logo.png","url":"\/logo.png","width":600,"height":60}},"image":{"@type":"ImageObject","@id":"https:\/\/www.feryl.cz\/wp-content\/uploads\/img_a369910_w2153_t1581840946.jpg","url":"https:\/\/www.feryl.cz\/wp-content\/uploads\/img_a369910_w2153_t1581840946.jpg","height":0,"width":0},"url":"https:\/\/www.feryl.cz\/batuzky-pro-male-vyletniky\/","about":["V\u00fdrobky"],"wordCount":453,"articleBody":"      M\u00e1te doma mal\u00e9 d\u00edtko, kter\u00e9mu ned\u011bl\u00e1 probl\u00e9m del\u0161\u00ed ch\u016fze, a proto toho vyu\u017e\u00edv\u00e1te na del\u0161\u00ed proch\u00e1zky a nejr\u016fzn\u011bj\u0161\u00ed v\u00fdlety? Nebo jezd\u00ed k babi\u010dk\u00e1m na n\u00e1v\u0161t\u011bvu a na p\u0159esp\u00e1n\u00ed? I pro tyto p\u0159\u00edle\u017eitosti se hod\u00ed n\u011bjak\u00e9 to men\u0161\u00ed zavazadlo, do kter\u00e9ho se va\u0161emu d\u00edt\u011bti vejde to nejnutn\u011bj\u0161\u00ed. Ide\u00e1ln\u00edm \u0159e\u0161en\u00edm pro nejmen\u0161\u00ed d\u011bti je bat\u016f\u017eek v praktick\u00e9 velikosti. Batoh s krte\u010dkem se hod\u00ed jak pro klou\u010dky, tak i pro hol\u010di\u010dky. M\u00e1 p\u011bkn\u00fd barevn\u00fd design s obl\u00edbenou poh\u00e1dkovou postavi\u010dkou, kterou zn\u00e1 snad ka\u017ed\u00e9 mal\u00e9 d\u00edt\u011b.  NA V\u00ddLET S RODI\u010cI I SE \u0160KOLKOU D\u011bti \u010dastokr\u00e1t jezd\u00edvaj\u00ed na v\u00fdlety nejen s rodi\u010di, ale tak\u00e9 se \u0161kolkou. Proto se v\u00e1m pro d\u00edt\u011b \u0161kolkou povinn\u00e9 bude n\u011bjak\u00fd ten ruksak na sva\u010dinu s sebou na v\u00fdlet hodit. Po\u0159i\u010fte va\u0161emu d\u00edt\u011bti n\u011bkter\u00fd z kr\u00e1sn\u00fdch barevn\u00fdch bat\u016f\u017ek\u016f s motivem krte\u010dka nebo jeho kamar\u00e1dky my\u0161ky a uvid\u00edte, \u017ee bude nad\u0161en\u00e9. Jak r\u00e1do si pak sbal\u00ed svoje d\u016fle\u017eit\u00e9 v\u011bci na v\u00fdlet, n\u00e1v\u0161t\u011bvu nebo na dovolenou. Mal\u00ed v\u00fdletn\u00edci se tak budou moci hned c\u00edtit d\u016fle\u017eit\u011b jako dosp\u011bl\u00e1ci a m\u00edt p\u0159i sob\u011b neust\u00e1le sva\u010dinu nebo obl\u00edbenou hra\u010dku.  D\u011btsk\u00e9 zavazadlo na dovolenou nebo na p\u0159esp\u00e1n\u00ed k prarodi\u010d\u016fm Pokud sh\u00e1n\u00edte o n\u011bco v\u011bt\u0161\u00ed zavazadlo, kter\u00e9 by si va\u0161e ratolesti mohli vz\u00edt na dovolenou nebo t\u0159eba na pr\u00e1zdniny k prarodi\u010d\u016fm, pak je praktick\u00fdm \u0159e\u0161en\u00edm v\u011bt\u0161\u00ed ruksak, kter\u00fd disponuje madlem a kole\u010dky. Do takov\u00e9hoto zavazadla u\u017e se toho va\u0161emu d\u00edt\u011bti vejde o pozn\u00e1n\u00ed v\u00edce. M\u016f\u017ee si tak na dovolenou nebo na pr\u00e1zdniny p\u0159ibalit i oble\u010den\u00ed, obl\u00edbenou hra\u010dku a dal\u0161\u00ed pot\u0159ebn\u00e9 v\u011bci. A kdy\u017e je pro d\u00edtko ruksak p\u0159\u00edli\u0161 t\u011b\u017ek\u00fd pro no\u0161en\u00ed na z\u00e1dech, jednodu\u0161e ho uchop\u00ed za madlo a m\u016f\u017ee ho v\u00e9zt na kole\u010dk\u00e1ch. Toto praktick\u00e9 \u0159e\u0161en\u00ed ocen\u00edte na r\u016fzn\u00fdch cest\u00e1ch, a\u0165 u\u017e autem nebo letecky.  Po\u0159i\u010fte va\u0161im mal\u00fdm v\u00fdletn\u00edk\u016fm kr\u00e1sn\u00fd bat\u016f\u017eek s krte\u010dkem, kter\u00fd budou r\u00e1di a hrd\u011b nosit, a\u0165 u\u017e se s nimi pr\u00e1v\u011b budete chystat kamkoliv.                                                                                                                                                                                                                                                                                                                                                                                           4\/5 - (9 votes)        "},{"@context":"https:\/\/schema.org\/","@type":"BreadcrumbList","itemListElement":[{"@type":"ListItem","position":1,"name":"Bat\u016f\u017eky pro mal\u00e9 v\u00fdletn\u00edky","item":"https:\/\/www.feryl.cz\/batuzky-pro-male-vyletniky\/#breadcrumbitem"}]}]