{"@context":"https:\/\/schema.org\/","@type":"CollectionPage","@id":"https:\/\/www.feryl.cz\/deti\/#CollectionPage","headline":"D\u011bti Category","description":"","url":"https:\/\/www.feryl.cz\/deti\/","hasPart":[{"@type":"Article","@id":"https:\/\/www.feryl.cz\/spolecna-hra-s-detmi\/","headline":"Spole\u010dn\u00e1 hra s d\u011btmi","url":"https:\/\/www.feryl.cz\/spolecna-hra-s-detmi\/","datePublished":"2020-09-10","dateModified":"2023-05-02","mainEntityOfPage":"https:\/\/www.feryl.cz\/spolecna-hra-s-detmi\/","author":{"@type":"Person","@id":"https:\/\/www.feryl.cz\/author\/devene\/#Person","name":"devene","url":"https:\/\/www.feryl.cz\/author\/devene\/","identifier":1,"image":{"@type":"ImageObject","@id":"https:\/\/secure.gravatar.com\/avatar\/fb50772173929303fbe6024f179e4dd9837c71f6efc661bdb046860d442d05b5?s=96&d=mm&r=g","url":"https:\/\/secure.gravatar.com\/avatar\/fb50772173929303fbe6024f179e4dd9837c71f6efc661bdb046860d442d05b5?s=96&d=mm&r=g","height":96,"width":96}},"publisher":{"@type":"Organization","name":"feryl.cz","logo":{"@type":"ImageObject","@id":"\/logo.png","url":"\/logo.png","width":600,"height":60}},"image":null,"keywords":null},{"@type":"Article","@id":"https:\/\/www.feryl.cz\/nase-dite-ma-celiakii-co-ted\/","headline":"Na\u0161e d\u00edt\u011b m\u00e1 celiakii. Co te\u010f?","url":"https:\/\/www.feryl.cz\/nase-dite-ma-celiakii-co-ted\/","datePublished":"2019-12-20","dateModified":"2023-05-02","mainEntityOfPage":"https:\/\/www.feryl.cz\/nase-dite-ma-celiakii-co-ted\/","author":{"@type":"Person","@id":"https:\/\/www.feryl.cz\/author\/devene\/#Person","name":"devene","url":"https:\/\/www.feryl.cz\/author\/devene\/","identifier":1,"image":{"@type":"ImageObject","@id":"https:\/\/secure.gravatar.com\/avatar\/fb50772173929303fbe6024f179e4dd9837c71f6efc661bdb046860d442d05b5?s=96&d=mm&r=g","url":"https:\/\/secure.gravatar.com\/avatar\/fb50772173929303fbe6024f179e4dd9837c71f6efc661bdb046860d442d05b5?s=96&d=mm&r=g","height":96,"width":96}},"publisher":{"@type":"Organization","name":"feryl.cz","logo":{"@type":"ImageObject","@id":"\/logo.png","url":"\/logo.png","width":600,"height":60}},"image":{"@type":"ImageObject","@id":"https:\/\/www.feryl.cz\/wp-content\/uploads\/img_a362526_w2984_t1575711315.jpg","url":"https:\/\/www.feryl.cz\/wp-content\/uploads\/img_a362526_w2984_t1575711315.jpg","height":0,"width":0},"keywords":null},{"@type":"Article","@id":"https:\/\/www.feryl.cz\/prevence-proti-onemocneni\/","headline":"Prevence proti onemocn\u011bn\u00ed","url":"https:\/\/www.feryl.cz\/prevence-proti-onemocneni\/","datePublished":"2019-10-14","dateModified":"2023-05-02","mainEntityOfPage":"https:\/\/www.feryl.cz\/prevence-proti-onemocneni\/","author":{"@type":"Person","@id":"https:\/\/www.feryl.cz\/author\/devene\/#Person","name":"devene","url":"https:\/\/www.feryl.cz\/author\/devene\/","identifier":1,"image":{"@type":"ImageObject","@id":"https:\/\/secure.gravatar.com\/avatar\/fb50772173929303fbe6024f179e4dd9837c71f6efc661bdb046860d442d05b5?s=96&d=mm&r=g","url":"https:\/\/secure.gravatar.com\/avatar\/fb50772173929303fbe6024f179e4dd9837c71f6efc661bdb046860d442d05b5?s=96&d=mm&r=g","height":96,"width":96}},"publisher":{"@type":"Organization","name":"feryl.cz","logo":{"@type":"ImageObject","@id":"\/logo.png","url":"\/logo.png","width":600,"height":60}},"image":{"@type":"ImageObject","@id":"https:\/\/www.feryl.cz\/wp-content\/uploads\/img_a357263_w3321_t1571890398.jpg","url":"https:\/\/www.feryl.cz\/wp-content\/uploads\/img_a357263_w3321_t1571890398.jpg","height":0,"width":0},"keywords":null}]}