[{"@context":"https:\/\/schema.org\/","@type":"Article","@id":"https:\/\/www.feryl.cz\/kdyz-jen-slova-nestaci\/#Article","mainEntityOfPage":"https:\/\/www.feryl.cz\/kdyz-jen-slova-nestaci\/","headline":"Kdy\u017e jen slova nesta\u010d\u00ed","name":"Kdy\u017e jen slova nesta\u010d\u00ed","description":"L\u00e1ska, nejkr\u00e1sn\u011bj\u0161\u00ed pocit, kter\u00fd v\u00e1s t\u00e1hne k tomu druh\u00e9mu a kter\u00fd nechcete, aby n\u011bkdy skon\u010dil. A l\u00e1ska v\u011bt\u0161inou kon\u010d\u00ed man\u017eelstv\u00edm, ale je\u0161t\u011b p\u0159edt\u00edm, p\u0159ich\u00e1z\u00ed \u017e\u00e1dost o ruku. Tady u\u017e, ale jen slova nesta\u010d\u00ed, a proto nezapome\u0148te na z\u00e1snubn\u00ed prsten. Kr\u00e1sn\u00fd zlat\u00fd \u0161perk, kter\u00fdm pros\u00edte svoj\u00ed milou, aby si v\u00e1s jednoho dne vzala. A v\u011bt\u0161inou do&hellip; <div class=\"readmore-wrapper\"><a href=\"https:\/\/www.feryl.cz\/kdyz-jen-slova-nestaci\/\" class=\"more-link\">P\u0159e\u010d\u00edst <\/a><\/div>","datePublished":"2024-11-08","dateModified":"2024-11-08","author":{"@type":"Person","@id":"https:\/\/www.feryl.cz\/author\/devene\/#Person","name":"devene","url":"https:\/\/www.feryl.cz\/author\/devene\/","identifier":1,"image":{"@type":"ImageObject","@id":"https:\/\/secure.gravatar.com\/avatar\/fb50772173929303fbe6024f179e4dd9837c71f6efc661bdb046860d442d05b5?s=96&d=mm&r=g","url":"https:\/\/secure.gravatar.com\/avatar\/fb50772173929303fbe6024f179e4dd9837c71f6efc661bdb046860d442d05b5?s=96&d=mm&r=g","height":96,"width":96}},"publisher":{"@type":"Organization","name":"feryl.cz","logo":{"@type":"ImageObject","@id":"\/logo.png","url":"\/logo.png","width":600,"height":60}},"url":"https:\/\/www.feryl.cz\/kdyz-jen-slova-nestaci\/","wordCount":192,"articleBody":"L\u00e1ska, nejkr\u00e1sn\u011bj\u0161\u00ed pocit, kter\u00fd v\u00e1s t\u00e1hne k tomu druh\u00e9mu a kter\u00fd nechcete, aby n\u011bkdy skon\u010dil. A l\u00e1ska v\u011bt\u0161inou kon\u010d\u00ed man\u017eelstv\u00edm, ale je\u0161t\u011b p\u0159edt\u00edm, p\u0159ich\u00e1z\u00ed \u017e\u00e1dost o ruku. Tady u\u017e, ale jen slova nesta\u010d\u00ed, a proto nezapome\u0148te na z\u00e1snubn\u00ed prsten. Kr\u00e1sn\u00fd zlat\u00fd \u0161perk, kter\u00fdm pros\u00edte svoj\u00ed milou, aby si v\u00e1s jednoho dne vzala. A v\u011bt\u0161inou do roka a do dne p\u0159ich\u00e1z\u00ed svatba.Den, kdy \u0159eknete prvn\u00ed ano\u0158\u00edkat ano je n\u011bkdy slo\u017eit\u00e9, ale ano, kter\u00e9 v\u00e1m kompletn\u011b zm\u011bn\u00ed \u017eivot, \u0159\u00edk\u00e1te dvakr\u00e1t v \u017eivot\u011b. Pt\u00e1te se kdy? Kdy\u017e v\u00e1s va\u0161e l\u00e1ska po\u017e\u00e1d\u00e1 o ruku a vy souhlas\u00edte, a potom v den, kdy si \u0159\u00edk\u00e1te ano p\u0159i vstupu do stavu man\u017eelsk\u00e9ho. Ale abychom nep\u0159edb\u011bhli v\u0161echny ud\u00e1losti, nezapomn\u011bli jste na z\u00e1snubn\u00ed prsten? Pokud ano, ned\u011bste se, m\u00e1te \u010das v\u0161e zachr\u00e1nit a vybrat z bohat\u00e9ho v\u00fdb\u011bru, ten nejhez\u010d\u00ed.                                                                                                                                                                                                                                                                                                                                                                                        5\/5 - (3 votes)        "},{"@context":"https:\/\/schema.org\/","@type":"BreadcrumbList","itemListElement":[{"@type":"ListItem","position":1,"name":"Kdy\u017e jen slova nesta\u010d\u00ed","item":"https:\/\/www.feryl.cz\/kdyz-jen-slova-nestaci\/#breadcrumbitem"}]}]