[{"@context":"https:\/\/schema.org\/","@type":"Article","@id":"https:\/\/www.feryl.cz\/krasa-nade-vse\/#Article","mainEntityOfPage":"https:\/\/www.feryl.cz\/krasa-nade-vse\/","headline":"Kr\u00e1sa nade v\u0161e","name":"Kr\u00e1sa nade v\u0161e","description":"Mysl\u00edm si, \u017ee my \u017eeny chceme b\u00fdt opravdu st\u00e1le kr\u00e1sn\u00e9. N\u011bkter\u00e9 \u017eeny vyu\u017e\u00edvaj\u00ed kosmetiku t\u00e9m\u011b\u0159 ka\u017ed\u00fd den, n\u011bkdo pou\u017e\u00edv\u00e1 dekorativn\u00ed kosmetiku ka\u017ed\u00fd den a n\u011bkdo si d\u00e1v\u00e1 pouze jenom n\u011bjak\u00e9 kr\u00e1sn\u00e9 kr\u00e9my. Takov\u00e9 kr\u00e9my, kter\u00e9 v\u00e1m zpevn\u00ed poko\u017eku pleti. J\u00e1 m\u00e1m tak\u00e9 r\u00e1da kr\u00e9my. Tak\u00e9 si kupuj\u00ed opravdu kvalitn\u00ed kr\u00e9my z parfum\u00e9rie. Bohu\u017eel u\u017e jsem&hellip; <div class=\"readmore-wrapper\"><a href=\"https:\/\/www.feryl.cz\/krasa-nade-vse\/\" class=\"more-link\">P\u0159e\u010d\u00edst <\/a><\/div>","datePublished":"2024-05-29","dateModified":"2024-05-29","author":{"@type":"Person","@id":"https:\/\/www.feryl.cz\/author\/devene\/#Person","name":"devene","url":"https:\/\/www.feryl.cz\/author\/devene\/","identifier":1,"image":{"@type":"ImageObject","@id":"https:\/\/secure.gravatar.com\/avatar\/fb50772173929303fbe6024f179e4dd9837c71f6efc661bdb046860d442d05b5?s=96&d=mm&r=g","url":"https:\/\/secure.gravatar.com\/avatar\/fb50772173929303fbe6024f179e4dd9837c71f6efc661bdb046860d442d05b5?s=96&d=mm&r=g","height":96,"width":96}},"publisher":{"@type":"Organization","name":"feryl.cz","logo":{"@type":"ImageObject","@id":"\/logo.png","url":"\/logo.png","width":600,"height":60}},"image":{"@type":"ImageObject","@id":"https:\/\/www.feryl.cz\/wp-content\/uploads\/tamara-bellis-VF75PMEdvX8-unsplash_3.jpg","url":"https:\/\/www.feryl.cz\/wp-content\/uploads\/tamara-bellis-VF75PMEdvX8-unsplash_3.jpg","height":0,"width":0},"url":"https:\/\/www.feryl.cz\/krasa-nade-vse\/","about":["Kr\u00e1sa\r"],"wordCount":435,"articleBody":"Mysl\u00edm si, \u017ee my \u017eeny chceme b\u00fdt opravdu st\u00e1le kr\u00e1sn\u00e9. N\u011bkter\u00e9 \u017eeny vyu\u017e\u00edvaj\u00ed kosmetiku t\u00e9m\u011b\u0159 ka\u017ed\u00fd den, n\u011bkdo pou\u017e\u00edv\u00e1 dekorativn\u00ed kosmetiku ka\u017ed\u00fd den a n\u011bkdo si d\u00e1v\u00e1 pouze jenom n\u011bjak\u00e9 kr\u00e1sn\u00e9 kr\u00e9my. Takov\u00e9 kr\u00e9my, kter\u00e9 v\u00e1m zpevn\u00ed poko\u017eku pleti. J\u00e1 m\u00e1m tak\u00e9 r\u00e1da kr\u00e9my. Tak\u00e9 si kupuj\u00ed opravdu kvalitn\u00ed kr\u00e9my z parfum\u00e9rie. Bohu\u017eel u\u017e jsem se n\u011bkolikr\u00e1t nap\u00e1lila. Koupila jsem si na internetu n\u011bjak\u00e9 kr\u00e9my. Byly zna\u010dkov\u00e9. A samoz\u0159ejm\u011b, \u017ee ta cena byla opravdu hodn\u011b n\u00edzk\u00e1. T\u00e9m\u011b\u0159 o polovinu. \u0158ekla jsem si, \u017ee tyhle kr\u00e9my si mus\u00edm koupit dva.Proto\u017ee jsem si myslela, \u017ee to je jenom n\u011bjak\u00e1 akce, n\u011bjak\u00e1 sleva na kr\u00e9my, kdy t\u0159eba za rok p\u0159ejde u\u017e expira\u010dn\u00ed lh\u016fta. Ale nakonec, kdy\u017e mi tyto kr\u00e9my p\u0159i\u0161ly, tak mi to p\u0159i\u0161lo n\u011bjak\u00e9 divn\u00e9. Ty kr\u00e9my n\u011bjak divn\u011b p\u00e1chly. Nakonec jsem se dozv\u011bd\u011bla, \u017ee ty kr\u00e9my byly u\u017e pro\u0161l\u00e9 d\u00e1vno. Jenom\u017ee tam prodejce je, napsal n\u011bjak\u00e9 jin\u00e9 datum. Ani nev\u00edte, jak jsem byla na\u0161tvan\u00e1? Samoz\u0159ejm\u011b, \u017ee jsem tyhle kr\u00e9my musela ihned reklamovat. Proto\u017ee jsem dostala vyr\u00e1\u017eku, m\u011bla jsem ple\u0165 celou za\u010dervenalou a m\u011bla jsem tam b\u00edl\u00e9 te\u010dky. Byla jsem opravdu v \u0161oku. A nech\u00e1pala jsem, jak prodejce m\u016f\u017ee b\u00fdt takov\u00fd, \u017ee nech\u00e1 prod\u00e1vat takhle pro\u0161l\u00e9 kr\u00e9my.A to zrovna m\u011b, kter\u00e1 d\u00e1v\u00e1 na kr\u00e1su a na kosmetiku. Nejenom na krasu a na kosmetiku, ale tak\u00e9 na m\u00f3du. Opravdu r\u00e1da se modern\u011b obl\u00e9k\u00e1m a tak\u00e9 m\u00e1m r\u00e1da novinky v kosmetice. Chod\u00edm pravideln\u011b ke kosmeti\u010dce a tak\u00e9 na gelov\u00e9 nehty. Proto\u017ee se r\u00e1da l\u00edb\u00edm. M\u016fj partner \u0159ekl, \u017ee je opravdu r\u00e1d, \u017ee o sebe pe\u010duji. Mysl\u00edm si, \u017ee ale ka\u017ed\u00fd mu\u017e by byl r\u00e1d, aby jeho \u017eena o sebe dost pe\u010dovala. N\u011bkte\u0159\u00ed p\u00e1nov\u00e9 dokonce cht\u011bj\u00ed, aby jeho \u017eena v\u017edycky ho prezentovala. T\u0159eba aby ho prezentovala na r\u016fzn\u00fdch firemn\u00edch akc\u00edch a podobn\u011b. Kdyby mi tohle \u0159ekl m\u016fj partner, tak by m\u011b to tro\u0161ku urazilo. Myslela bych si, \u017ee m\u011b m\u00e1 pouze jenom na par\u00e1du. Ale na\u0161t\u011bst\u00ed j\u00e1 sama o sebe r\u00e1da pe\u010duji.\u00a0                                                                                                                                                                                                                                                                                                                                                                                        3.7\/5 - (3 votes)        "},{"@context":"https:\/\/schema.org\/","@type":"BreadcrumbList","itemListElement":[{"@type":"ListItem","position":1,"name":"Kr\u00e1sa nade v\u0161e","item":"https:\/\/www.feryl.cz\/krasa-nade-vse\/#breadcrumbitem"}]}]