[{"@context":"https:\/\/schema.org\/","@type":"Article","@id":"https:\/\/www.feryl.cz\/mejte-i-vy-bydleni-jako-z-obalky-casopisu\/#Article","mainEntityOfPage":"https:\/\/www.feryl.cz\/mejte-i-vy-bydleni-jako-z-obalky-casopisu\/","headline":"M\u011bjte i Vy bydlen\u00ed jako z ob\u00e1lky \u010dasopisu","name":"M\u011bjte i Vy bydlen\u00ed jako z ob\u00e1lky \u010dasopisu","description":"Sta\u010d\u00ed jen, kdy\u017e se sv\u011b\u0159\u00edte do rukou zku\u0161en\u00fdch odborn\u00edk\u016f na rekonstrukce byt\u016f Praha. Odst\u011bhovaly se V\u00e1m d\u011bti a Vy byste t\u00edm p\u00e1dem zbourali n\u011bkde p\u0159\u00ed\u010dku a roz\u0161\u00ed\u0159ili si tak V\u00e1\u0161 ob\u00fdvac\u00ed pokoj nebo jinou m\u00edstnost? Nebo naopak d\u011bti m\u00e1te je\u0161t\u011b mal\u00e9 a cht\u011bli byste jim dop\u0159\u00e1t odd\u011blen\u00fdch pokoj\u00ed\u010dk\u016f, tak\u017ee by n\u011bjak\u00e1 p\u0159\u00ed\u010dka sp\u00ed\u0161e pomohla? S&hellip; <div class=\"readmore-wrapper\"><a href=\"https:\/\/www.feryl.cz\/mejte-i-vy-bydleni-jako-z-obalky-casopisu\/\" class=\"more-link\">P\u0159e\u010d\u00edst <\/a><\/div>","datePublished":"2023-06-17","dateModified":"2024-06-18","author":{"@type":"Person","@id":"https:\/\/www.feryl.cz\/author\/devene\/#Person","name":"devene","url":"https:\/\/www.feryl.cz\/author\/devene\/","identifier":1,"image":{"@type":"ImageObject","@id":"https:\/\/secure.gravatar.com\/avatar\/fb50772173929303fbe6024f179e4dd9837c71f6efc661bdb046860d442d05b5?s=96&d=mm&r=g","url":"https:\/\/secure.gravatar.com\/avatar\/fb50772173929303fbe6024f179e4dd9837c71f6efc661bdb046860d442d05b5?s=96&d=mm&r=g","height":96,"width":96}},"publisher":{"@type":"Organization","name":"feryl.cz","logo":{"@type":"ImageObject","@id":"\/logo.png","url":"\/logo.png","width":600,"height":60}},"url":"https:\/\/www.feryl.cz\/mejte-i-vy-bydleni-jako-z-obalky-casopisu\/","wordCount":232,"articleBody":"Sta\u010d\u00ed jen, kdy\u017e se sv\u011b\u0159\u00edte do rukou zku\u0161en\u00fdch odborn\u00edk\u016f na rekonstrukce byt\u016f Praha. Odst\u011bhovaly se V\u00e1m d\u011bti a Vy byste t\u00edm p\u00e1dem zbourali n\u011bkde p\u0159\u00ed\u010dku a roz\u0161\u00ed\u0159ili si tak V\u00e1\u0161 ob\u00fdvac\u00ed pokoj nebo jinou m\u00edstnost? Nebo naopak d\u011bti m\u00e1te je\u0161t\u011b mal\u00e9 a cht\u011bli byste jim dop\u0159\u00e1t odd\u011blen\u00fdch pokoj\u00ed\u010dk\u016f, tak\u017ee by n\u011bjak\u00e1 p\u0159\u00ed\u010dka sp\u00ed\u0161e pomohla? S t\u011bmito a dal\u0161\u00edmi probl\u00e9my si dok\u00e1\u017ee hrav\u011b poradit stavebn\u00ed firma Renix a.s., kter\u00e1 V\u00e1m provede statick\u00e9 m\u011b\u0159en\u00ed, v\u00fdpo\u010dty, postar\u00e1 se o demolici a dal\u0161\u00ed nezbytnosti, kter\u00e9 jsou v t\u00e9to souvislosti pot\u0159ebn\u00e9.Modern\u00ed bydlen\u00ed i u V\u00e1s doma! Sta\u010d\u00ed, kdy\u017e v\u00edte, na koho se obr\u00e1titNevyhovuje V\u00e1m star\u00e1 podlaha, kter\u00e1 u\u017e je velice zvln\u011bn\u00e1? Nebo V\u00e1m p\u0159ijdou velice nepraktick\u00e9 koberce z hlediska jejich \u00fadr\u017eby? Cht\u011bli byste je vym\u011bnit za novou podlahovou krytinu, kter\u00e1 by v\u00edce odpov\u00eddala aktu\u00e1ln\u00edm modern\u00edm trend\u016fm a v\u00edce se V\u00e1m hodila do interi\u00e9ru? M\u00e1te p\u0159edstavy i o jin\u00fdch zm\u011bn\u00e1ch, kter\u00e9 by interi\u00e9r Va\u0161\u00ed dom\u00e1cnosti akutn\u011b pot\u0159eboval? Obra\u0165te se na Renix a.s. \u2013 ti um\u00ed kvalitn\u00ed rekonstrukce byt\u016f praha!                                                                                                                                                                                                                                                                                                                                                                                        4\/5 - (7 votes)        "},{"@context":"https:\/\/schema.org\/","@type":"BreadcrumbList","itemListElement":[{"@type":"ListItem","position":1,"name":"M\u011bjte i Vy bydlen\u00ed jako z ob\u00e1lky \u010dasopisu","item":"https:\/\/www.feryl.cz\/mejte-i-vy-bydleni-jako-z-obalky-casopisu\/#breadcrumbitem"}]}]