[{"@context":"https:\/\/schema.org\/","@type":"Article","@id":"https:\/\/www.feryl.cz\/odpocivejte-s-nasim-relaxacnim-pobytem\/#Article","mainEntityOfPage":"https:\/\/www.feryl.cz\/odpocivejte-s-nasim-relaxacnim-pobytem\/","headline":"Odpo\u010d\u00edvejte s\u00a0na\u0161\u00edm relaxa\u010dn\u00edm pobytem","name":"Odpo\u010d\u00edvejte s\u00a0na\u0161\u00edm relaxa\u010dn\u00edm pobytem","description":"Zn\u00e1te to, va\u0161e auto ob\u010das pot\u0159ebuje dob\u00edt akumul\u00e1tor, va\u0161e tranzistorov\u00e9 r\u00e1dio baterky. A jak se dob\u00edj\u00edte vy? M\u00e1te na to n\u011bjak\u00fd sv\u016fj osv\u011bd\u010den\u00fd zp\u016fsob, nebo na to prost\u011b ka\u0161lete, \u017eijete z podstaty a \u0159\u00edk\u00e1te si &#8211; n\u011bjak bylo, n\u011bjak bude. D\u011bl\u00e1te velkou chybu. Zveme v\u00e1s na relaxa\u010dn\u00ed pobyty, kter\u00e9 va\u0161e baterky bezkonkuren\u010dn\u011b dob\u00edj\u00ed. Naho\u010fte sv\u00e9&hellip; <div class=\"readmore-wrapper\"><a href=\"https:\/\/www.feryl.cz\/odpocivejte-s-nasim-relaxacnim-pobytem\/\" class=\"more-link\">P\u0159e\u010d\u00edst <\/a><\/div>","datePublished":"2024-12-08","dateModified":"2024-12-08","author":{"@type":"Person","@id":"https:\/\/www.feryl.cz\/author\/devene\/#Person","name":"devene","url":"https:\/\/www.feryl.cz\/author\/devene\/","identifier":1,"image":{"@type":"ImageObject","@id":"https:\/\/secure.gravatar.com\/avatar\/fb50772173929303fbe6024f179e4dd9837c71f6efc661bdb046860d442d05b5?s=96&d=mm&r=g","url":"https:\/\/secure.gravatar.com\/avatar\/fb50772173929303fbe6024f179e4dd9837c71f6efc661bdb046860d442d05b5?s=96&d=mm&r=g","height":96,"width":96}},"publisher":{"@type":"Organization","name":"feryl.cz","logo":{"@type":"ImageObject","@id":"\/logo.png","url":"\/logo.png","width":600,"height":60}},"url":"https:\/\/www.feryl.cz\/odpocivejte-s-nasim-relaxacnim-pobytem\/","wordCount":194,"articleBody":"Zn\u00e1te to, va\u0161e auto ob\u010das pot\u0159ebuje dob\u00edt akumul\u00e1tor, va\u0161e tranzistorov\u00e9 r\u00e1dio baterky. A jak se dob\u00edj\u00edte vy? M\u00e1te na to n\u011bjak\u00fd sv\u016fj osv\u011bd\u010den\u00fd zp\u016fsob, nebo na to prost\u011b ka\u0161lete, \u017eijete z podstaty a \u0159\u00edk\u00e1te si &#8211; n\u011bjak bylo, n\u011bjak bude. D\u011bl\u00e1te velkou chybu. Zveme v\u00e1s na relaxa\u010dn\u00ed pobyty, kter\u00e9 va\u0161e baterky bezkonkuren\u010dn\u011b dob\u00edj\u00ed. Naho\u010fte sv\u00e9 t\u011blo zp\u00e1tky do pohody, klidu, zbavte jej stresu a zkuste ho chv\u00edli nechat h\u00fd\u010dkat. Sami uvid\u00edte, co to s n\u00edm ud\u011bl\u00e1, jak bude \u0161\u0165astn\u00e9 a jak bude zvl\u00e1dat ve\u0161ker\u00e9 povinnosti, kter\u00e9 na n\u011bj posl\u00e9ze znovu nalo\u017e\u00edte. Na\u0161e relaxa\u010dn\u00ed pobyty mu toti\u017e op\u011bt dob\u00edj\u00ed jeho baterky. Spojte p\u0159\u00edjemn\u00e9 s u\u017eite\u010dn\u00fdm A dokonce m\u016f\u017eete spojit p\u0159\u00edjemn\u00e9 s u\u017eite\u010dn\u00fdm a d\u00edky relaxa\u010dn\u00edm pobyt\u016fm nav\u0161t\u00edvit m\u00edsta, kde jste je\u0161t\u011b nebyli. \u017e se zrelaxujete, uvoln\u00edte a udr\u017e\u00edte si \u0161t\u00edhlou postavu.                                                                                                                                                                                                                                                                                                                                                                                        4.2\/5 - (4 votes)        "},{"@context":"https:\/\/schema.org\/","@type":"BreadcrumbList","itemListElement":[{"@type":"ListItem","position":1,"name":"Odpo\u010d\u00edvejte s\u00a0na\u0161\u00edm relaxa\u010dn\u00edm pobytem","item":"https:\/\/www.feryl.cz\/odpocivejte-s-nasim-relaxacnim-pobytem\/#breadcrumbitem"}]}]