[{"@context":"https:\/\/schema.org\/","@type":"Blog","@id":"https:\/\/www.feryl.cz#Blog","headline":"Feryl","description":"\nInternet v mnoha ohledech vl\u00e1dne sv\u011btu. A na na\u0161em webu se ze v\u0161ech sil sna\u017e\u00edme, abychom my byli jen t\u011bmi nejlep\u0161\u00edmi a nejmoud\u0159ej\u0161\u00edmi spoluvl\u00e1dci sv\u011bta.","url":"https:\/\/www.feryl.cz","hasPart":[{"@type":"Article","@id":"https:\/\/www.feryl.cz\/neni-to-jen-smutecni-barva\/","headline":"Nen\u00ed to jen smute\u010dn\u00ed barva","url":"https:\/\/www.feryl.cz\/neni-to-jen-smutecni-barva\/","datePublished":"2025-03-04","dateModified":"2023-05-02","mainEntityOfPage":"https:\/\/www.feryl.cz\/neni-to-jen-smutecni-barva\/","author":{"@type":"Person","@id":"https:\/\/www.feryl.cz\/author\/devene\/#Person","name":"devene","url":"https:\/\/www.feryl.cz\/author\/devene\/","identifier":1,"image":{"@type":"ImageObject","@id":"https:\/\/secure.gravatar.com\/avatar\/fb50772173929303fbe6024f179e4dd9837c71f6efc661bdb046860d442d05b5?s=96&d=mm&r=g","url":"https:\/\/secure.gravatar.com\/avatar\/fb50772173929303fbe6024f179e4dd9837c71f6efc661bdb046860d442d05b5?s=96&d=mm&r=g","height":96,"width":96}},"publisher":{"@type":"Organization","name":"feryl.cz","logo":{"@type":"ImageObject","@id":"\/logo.png","url":"\/logo.png","width":600,"height":60}},"image":{"@type":"ImageObject","@id":"https:\/\/www.feryl.cz\/wp-content\/uploads\/img_a303859_w1794_t1514647175.jpg","url":"https:\/\/www.feryl.cz\/wp-content\/uploads\/img_a303859_w1794_t1514647175.jpg","height":0,"width":0},"wordCount":485,"keywords":null},{"@type":"Article","@id":"https:\/\/www.feryl.cz\/virtualni-realita\/","headline":"Virtu\u00e1ln\u00ed realita","url":"https:\/\/www.feryl.cz\/virtualni-realita\/","datePublished":"2025-03-04","dateModified":"2024-07-04","mainEntityOfPage":"https:\/\/www.feryl.cz\/virtualni-realita\/","author":{"@type":"Person","@id":"https:\/\/www.feryl.cz\/author\/devene\/#Person","name":"devene","url":"https:\/\/www.feryl.cz\/author\/devene\/","identifier":1,"image":{"@type":"ImageObject","@id":"https:\/\/secure.gravatar.com\/avatar\/fb50772173929303fbe6024f179e4dd9837c71f6efc661bdb046860d442d05b5?s=96&d=mm&r=g","url":"https:\/\/secure.gravatar.com\/avatar\/fb50772173929303fbe6024f179e4dd9837c71f6efc661bdb046860d442d05b5?s=96&d=mm&r=g","height":96,"width":96}},"publisher":{"@type":"Organization","name":"feryl.cz","logo":{"@type":"ImageObject","@id":"\/logo.png","url":"\/logo.png","width":600,"height":60}},"image":{"@type":"ImageObject","@id":"https:\/\/www.feryl.cz\/wp-content\/uploads\/img_a330335_w2597_t1542882450.jpg","url":"https:\/\/www.feryl.cz\/wp-content\/uploads\/img_a330335_w2597_t1542882450.jpg","height":0,"width":0},"wordCount":541,"keywords":null},{"@type":"Article","@id":"https:\/\/www.feryl.cz\/zabavna-komunikace\/","headline":"Z\u00e1bavn\u00e1 komunikace","url":"https:\/\/www.feryl.cz\/zabavna-komunikace\/","datePublished":"2025-03-03","dateModified":"2024-07-04","mainEntityOfPage":"https:\/\/www.feryl.cz\/zabavna-komunikace\/","author":{"@type":"Person","@id":"https:\/\/www.feryl.cz\/author\/devene\/#Person","name":"devene","url":"https:\/\/www.feryl.cz\/author\/devene\/","identifier":1,"image":{"@type":"ImageObject","@id":"https:\/\/secure.gravatar.com\/avatar\/fb50772173929303fbe6024f179e4dd9837c71f6efc661bdb046860d442d05b5?s=96&d=mm&r=g","url":"https:\/\/secure.gravatar.com\/avatar\/fb50772173929303fbe6024f179e4dd9837c71f6efc661bdb046860d442d05b5?s=96&d=mm&r=g","height":96,"width":96}},"publisher":{"@type":"Organization","name":"feryl.cz","logo":{"@type":"ImageObject","@id":"\/logo.png","url":"\/logo.png","width":600,"height":60}},"image":{"@type":"ImageObject","@id":"https:\/\/www.feryl.cz\/wp-content\/uploads\/img_a327319_w2593_t1539576594.jpg","url":"https:\/\/www.feryl.cz\/wp-content\/uploads\/img_a327319_w2593_t1539576594.jpg","height":0,"width":0},"wordCount":595,"keywords":null},{"@type":"Article","@id":"https:\/\/www.feryl.cz\/je-tu-duvod-k-radosti\/","headline":"Je tu d\u016fvod k radosti?","url":"https:\/\/www.feryl.cz\/je-tu-duvod-k-radosti\/","datePublished":"2025-03-02","dateModified":"2023-05-02","mainEntityOfPage":"https:\/\/www.feryl.cz\/je-tu-duvod-k-radosti\/","author":{"@type":"Person","@id":"https:\/\/www.feryl.cz\/author\/devene\/#Person","name":"devene","url":"https:\/\/www.feryl.cz\/author\/devene\/","identifier":1,"image":{"@type":"ImageObject","@id":"https:\/\/secure.gravatar.com\/avatar\/fb50772173929303fbe6024f179e4dd9837c71f6efc661bdb046860d442d05b5?s=96&d=mm&r=g","url":"https:\/\/secure.gravatar.com\/avatar\/fb50772173929303fbe6024f179e4dd9837c71f6efc661bdb046860d442d05b5?s=96&d=mm&r=g","height":96,"width":96}},"publisher":{"@type":"Organization","name":"feryl.cz","logo":{"@type":"ImageObject","@id":"\/logo.png","url":"\/logo.png","width":600,"height":60}},"image":{"@type":"ImageObject","@id":"https:\/\/www.feryl.cz\/wp-content\/uploads\/img_a339517_w2699_t1552742391.jpg","url":"https:\/\/www.feryl.cz\/wp-content\/uploads\/img_a339517_w2699_t1552742391.jpg","height":0,"width":0},"wordCount":4619,"keywords":null},{"@type":"Article","@id":"https:\/\/www.feryl.cz\/placeni-v-zahranici-na-dovolene\/","headline":"Placen\u00ed v zahrani\u010d\u00ed na dovolen\u00e9","url":"https:\/\/www.feryl.cz\/placeni-v-zahranici-na-dovolene\/","datePublished":"2025-03-02","dateModified":"2023-05-02","mainEntityOfPage":"https:\/\/www.feryl.cz\/placeni-v-zahranici-na-dovolene\/","author":{"@type":"Person","@id":"https:\/\/www.feryl.cz\/author\/devene\/#Person","name":"devene","url":"https:\/\/www.feryl.cz\/author\/devene\/","identifier":1,"image":{"@type":"ImageObject","@id":"https:\/\/secure.gravatar.com\/avatar\/fb50772173929303fbe6024f179e4dd9837c71f6efc661bdb046860d442d05b5?s=96&d=mm&r=g","url":"https:\/\/secure.gravatar.com\/avatar\/fb50772173929303fbe6024f179e4dd9837c71f6efc661bdb046860d442d05b5?s=96&d=mm&r=g","height":96,"width":96}},"publisher":{"@type":"Organization","name":"feryl.cz","logo":{"@type":"ImageObject","@id":"\/logo.png","url":"\/logo.png","width":600,"height":60}},"image":{"@type":"ImageObject","@id":"https:\/\/www.feryl.cz\/wp-content\/uploads\/img_a292558_w1959_t1505059538.jpg","url":"https:\/\/www.feryl.cz\/wp-content\/uploads\/img_a292558_w1959_t1505059538.jpg","height":0,"width":0},"wordCount":496,"keywords":null},{"@type":"Article","@id":"https:\/\/www.feryl.cz\/doprejte-si-to-nejlepsi\/","headline":"Dop\u0159ejte si to nejlep\u0161\u00ed","url":"https:\/\/www.feryl.cz\/doprejte-si-to-nejlepsi\/","datePublished":"2025-03-02","dateModified":"2023-05-02","mainEntityOfPage":"https:\/\/www.feryl.cz\/doprejte-si-to-nejlepsi\/","author":{"@type":"Person","@id":"https:\/\/www.feryl.cz\/author\/devene\/#Person","name":"devene","url":"https:\/\/www.feryl.cz\/author\/devene\/","identifier":1,"image":{"@type":"ImageObject","@id":"https:\/\/secure.gravatar.com\/avatar\/fb50772173929303fbe6024f179e4dd9837c71f6efc661bdb046860d442d05b5?s=96&d=mm&r=g","url":"https:\/\/secure.gravatar.com\/avatar\/fb50772173929303fbe6024f179e4dd9837c71f6efc661bdb046860d442d05b5?s=96&d=mm&r=g","height":96,"width":96}},"publisher":{"@type":"Organization","name":"feryl.cz","logo":{"@type":"ImageObject","@id":"\/logo.png","url":"\/logo.png","width":600,"height":60}},"image":{"@type":"ImageObject","@id":"https:\/\/www.feryl.cz\/wp-content\/uploads\/img_a307632_w2409_t1518899339.jpg","url":"https:\/\/www.feryl.cz\/wp-content\/uploads\/img_a307632_w2409_t1518899339.jpg","height":0,"width":0},"wordCount":500,"keywords":null},{"@type":"Article","@id":"https:\/\/www.feryl.cz\/uhelna-bublina-by-mohla-vyvolat-globalni-financni-krizi\/","headline":"Uheln\u00e1 bublina by mohla vyvolat glob\u00e1ln\u00ed finan\u010dn\u00ed krizi","url":"https:\/\/www.feryl.cz\/uhelna-bublina-by-mohla-vyvolat-globalni-financni-krizi\/","datePublished":"2025-03-02","dateModified":"2023-05-02","mainEntityOfPage":"https:\/\/www.feryl.cz\/uhelna-bublina-by-mohla-vyvolat-globalni-financni-krizi\/","author":{"@type":"Person","@id":"https:\/\/www.feryl.cz\/author\/devene\/#Person","name":"devene","url":"https:\/\/www.feryl.cz\/author\/devene\/","identifier":1,"image":{"@type":"ImageObject","@id":"https:\/\/secure.gravatar.com\/avatar\/fb50772173929303fbe6024f179e4dd9837c71f6efc661bdb046860d442d05b5?s=96&d=mm&r=g","url":"https:\/\/secure.gravatar.com\/avatar\/fb50772173929303fbe6024f179e4dd9837c71f6efc661bdb046860d442d05b5?s=96&d=mm&r=g","height":96,"width":96}},"publisher":{"@type":"Organization","name":"feryl.cz","logo":{"@type":"ImageObject","@id":"\/logo.png","url":"\/logo.png","width":600,"height":60}},"image":{"@type":"ImageObject","@id":"https:\/\/www.feryl.cz\/wp-content\/uploads\/img_a317723_w2573_t1528533927.jpg","url":"https:\/\/www.feryl.cz\/wp-content\/uploads\/img_a317723_w2573_t1528533927.jpg","height":0,"width":0},"wordCount":4467,"keywords":null},{"@type":"Article","@id":"https:\/\/www.feryl.cz\/vydelavejte-v-pohodli-domova-a-bez-namahy\/","headline":"Vyd\u011bl\u00e1vejte v pohodl\u00ed domova a bez n\u00e1mahy","url":"https:\/\/www.feryl.cz\/vydelavejte-v-pohodli-domova-a-bez-namahy\/","datePublished":"2025-03-01","dateModified":"2023-05-02","mainEntityOfPage":"https:\/\/www.feryl.cz\/vydelavejte-v-pohodli-domova-a-bez-namahy\/","author":{"@type":"Person","@id":"https:\/\/www.feryl.cz\/author\/devene\/#Person","name":"devene","url":"https:\/\/www.feryl.cz\/author\/devene\/","identifier":1,"image":{"@type":"ImageObject","@id":"https:\/\/secure.gravatar.com\/avatar\/fb50772173929303fbe6024f179e4dd9837c71f6efc661bdb046860d442d05b5?s=96&d=mm&r=g","url":"https:\/\/secure.gravatar.com\/avatar\/fb50772173929303fbe6024f179e4dd9837c71f6efc661bdb046860d442d05b5?s=96&d=mm&r=g","height":96,"width":96}},"publisher":{"@type":"Organization","name":"feryl.cz","logo":{"@type":"ImageObject","@id":"\/logo.png","url":"\/logo.png","width":600,"height":60}},"image":{"@type":"ImageObject","@id":"https:\/\/www.feryl.cz\/wp-content\/uploads\/img_a287838_w1886_t1498407774.jpg","url":"https:\/\/www.feryl.cz\/wp-content\/uploads\/img_a287838_w1886_t1498407774.jpg","height":0,"width":0},"wordCount":891,"keywords":null},{"@type":"Article","@id":"https:\/\/www.feryl.cz\/spravne-zasady-pro-uziti-zasuvek-a-vypinacu\/","headline":"Spr\u00e1vn\u00e9 z\u00e1sady pro u\u017eit\u00ed z\u00e1suvek a vyp\u00edna\u010d\u016f","url":"https:\/\/www.feryl.cz\/spravne-zasady-pro-uziti-zasuvek-a-vypinacu\/","datePublished":"2025-03-01","dateModified":"2023-05-02","mainEntityOfPage":"https:\/\/www.feryl.cz\/spravne-zasady-pro-uziti-zasuvek-a-vypinacu\/","author":{"@type":"Person","@id":"https:\/\/www.feryl.cz\/author\/devene\/#Person","name":"devene","url":"https:\/\/www.feryl.cz\/author\/devene\/","identifier":1,"image":{"@type":"ImageObject","@id":"https:\/\/secure.gravatar.com\/avatar\/fb50772173929303fbe6024f179e4dd9837c71f6efc661bdb046860d442d05b5?s=96&d=mm&r=g","url":"https:\/\/secure.gravatar.com\/avatar\/fb50772173929303fbe6024f179e4dd9837c71f6efc661bdb046860d442d05b5?s=96&d=mm&r=g","height":96,"width":96}},"publisher":{"@type":"Organization","name":"feryl.cz","logo":{"@type":"ImageObject","@id":"\/logo.png","url":"\/logo.png","width":600,"height":60}},"image":{"@type":"ImageObject","@id":"https:\/\/www.feryl.cz\/wp-content\/uploads\/img_a305727_w1886_t1517210379.jpg","url":"https:\/\/www.feryl.cz\/wp-content\/uploads\/img_a305727_w1886_t1517210379.jpg","height":0,"width":0},"wordCount":2571,"keywords":null},{"@type":"Article","@id":"https:\/\/www.feryl.cz\/smutny-pohled-za-mrizi\/","headline":"Smutn\u00fd pohled za m\u0159\u00ed\u017e\u00ed","url":"https:\/\/www.feryl.cz\/smutny-pohled-za-mrizi\/","datePublished":"2025-02-28","dateModified":"2023-05-02","mainEntityOfPage":"https:\/\/www.feryl.cz\/smutny-pohled-za-mrizi\/","author":{"@type":"Person","@id":"https:\/\/www.feryl.cz\/author\/devene\/#Person","name":"devene","url":"https:\/\/www.feryl.cz\/author\/devene\/","identifier":1,"image":{"@type":"ImageObject","@id":"https:\/\/secure.gravatar.com\/avatar\/fb50772173929303fbe6024f179e4dd9837c71f6efc661bdb046860d442d05b5?s=96&d=mm&r=g","url":"https:\/\/secure.gravatar.com\/avatar\/fb50772173929303fbe6024f179e4dd9837c71f6efc661bdb046860d442d05b5?s=96&d=mm&r=g","height":96,"width":96}},"publisher":{"@type":"Organization","name":"feryl.cz","logo":{"@type":"ImageObject","@id":"\/logo.png","url":"\/logo.png","width":600,"height":60}},"image":{"@type":"ImageObject","@id":"https:\/\/www.feryl.cz\/wp-content\/uploads\/img_a312138_w1959_t1523175592.jpg","url":"https:\/\/www.feryl.cz\/wp-content\/uploads\/img_a312138_w1959_t1523175592.jpg","height":0,"width":0},"wordCount":511,"keywords":null}]},{"@context":"https:\/\/schema.org","@type":"WebSite","@id":"https:\/\/www.feryl.cz\/#website","name":"Feryl","url":"https:\/\/www.feryl.cz","potentialAction":{"@type":"SearchAction","target":"https:\/\/www.feryl.cz\/?s={search_term_string}","query-input":"required name=search_term_string"}}]