[{"@context":"https:\/\/schema.org\/","@type":"Blog","@id":"https:\/\/www.feryl.cz#Blog","headline":"Feryl","description":"\nInternet v mnoha ohledech vl\u00e1dne sv\u011btu. A na na\u0161em webu se ze v\u0161ech sil sna\u017e\u00edme, abychom my byli jen t\u011bmi nejlep\u0161\u00edmi a nejmoud\u0159ej\u0161\u00edmi spoluvl\u00e1dci sv\u011bta.","url":"https:\/\/www.feryl.cz","hasPart":[{"@type":"Article","@id":"https:\/\/www.feryl.cz\/ubytovani-chaty\/","headline":"Ubytov\u00e1n\u00ed chaty","url":"https:\/\/www.feryl.cz\/ubytovani-chaty\/","datePublished":"2025-02-25","dateModified":"2025-02-25","mainEntityOfPage":"https:\/\/www.feryl.cz\/ubytovani-chaty\/","author":{"@type":"Person","@id":"https:\/\/www.feryl.cz\/author\/devene\/#Person","name":"devene","url":"https:\/\/www.feryl.cz\/author\/devene\/","identifier":1,"image":{"@type":"ImageObject","@id":"https:\/\/secure.gravatar.com\/avatar\/fb50772173929303fbe6024f179e4dd9837c71f6efc661bdb046860d442d05b5?s=96&d=mm&r=g","url":"https:\/\/secure.gravatar.com\/avatar\/fb50772173929303fbe6024f179e4dd9837c71f6efc661bdb046860d442d05b5?s=96&d=mm&r=g","height":96,"width":96}},"publisher":{"@type":"Organization","name":"feryl.cz","logo":{"@type":"ImageObject","@id":"\/logo.png","url":"\/logo.png","width":600,"height":60}},"image":null,"wordCount":244,"keywords":null},{"@type":"Article","@id":"https:\/\/www.feryl.cz\/pr-clanky\/","headline":"Pr \u010dl\u00e1nky","url":"https:\/\/www.feryl.cz\/pr-clanky\/","datePublished":"2025-02-18","dateModified":"2025-02-18","mainEntityOfPage":"https:\/\/www.feryl.cz\/pr-clanky\/","author":{"@type":"Person","@id":"https:\/\/www.feryl.cz\/author\/devene\/#Person","name":"devene","url":"https:\/\/www.feryl.cz\/author\/devene\/","identifier":1,"image":{"@type":"ImageObject","@id":"https:\/\/secure.gravatar.com\/avatar\/fb50772173929303fbe6024f179e4dd9837c71f6efc661bdb046860d442d05b5?s=96&d=mm&r=g","url":"https:\/\/secure.gravatar.com\/avatar\/fb50772173929303fbe6024f179e4dd9837c71f6efc661bdb046860d442d05b5?s=96&d=mm&r=g","height":96,"width":96}},"publisher":{"@type":"Organization","name":"feryl.cz","logo":{"@type":"ImageObject","@id":"\/logo.png","url":"\/logo.png","width":600,"height":60}},"image":null,"wordCount":234,"keywords":null},{"@type":"Article","@id":"https:\/\/www.feryl.cz\/porizujeme-si-moderni-kuchyni-do-u\/","headline":"Po\u0159izujeme si modern\u00ed kuchyni do U","url":"https:\/\/www.feryl.cz\/porizujeme-si-moderni-kuchyni-do-u\/","datePublished":"2025-02-17","dateModified":"2025-02-17","mainEntityOfPage":"https:\/\/www.feryl.cz\/porizujeme-si-moderni-kuchyni-do-u\/","author":{"@type":"Person","@id":"https:\/\/www.feryl.cz\/author\/devene\/#Person","name":"devene","url":"https:\/\/www.feryl.cz\/author\/devene\/","identifier":1,"image":{"@type":"ImageObject","@id":"https:\/\/secure.gravatar.com\/avatar\/fb50772173929303fbe6024f179e4dd9837c71f6efc661bdb046860d442d05b5?s=96&d=mm&r=g","url":"https:\/\/secure.gravatar.com\/avatar\/fb50772173929303fbe6024f179e4dd9837c71f6efc661bdb046860d442d05b5?s=96&d=mm&r=g","height":96,"width":96}},"publisher":{"@type":"Organization","name":"feryl.cz","logo":{"@type":"ImageObject","@id":"\/logo.png","url":"\/logo.png","width":600,"height":60}},"image":{"@type":"ImageObject","@id":"https:\/\/www.feryl.cz\/wp-content\/uploads\/pexels-falling4utah-2724748_3.jpg","url":"https:\/\/www.feryl.cz\/wp-content\/uploads\/pexels-falling4utah-2724748_3.jpg","height":0,"width":0},"wordCount":647,"keywords":null},{"@type":"Article","@id":"https:\/\/www.feryl.cz\/vikendovy-pobyt\/","headline":"V\u00edkendov\u00fd pobyt","url":"https:\/\/www.feryl.cz\/vikendovy-pobyt\/","datePublished":"2025-02-11","dateModified":"2025-02-11","mainEntityOfPage":"https:\/\/www.feryl.cz\/vikendovy-pobyt\/","author":{"@type":"Person","@id":"https:\/\/www.feryl.cz\/author\/devene\/#Person","name":"devene","url":"https:\/\/www.feryl.cz\/author\/devene\/","identifier":1,"image":{"@type":"ImageObject","@id":"https:\/\/secure.gravatar.com\/avatar\/fb50772173929303fbe6024f179e4dd9837c71f6efc661bdb046860d442d05b5?s=96&d=mm&r=g","url":"https:\/\/secure.gravatar.com\/avatar\/fb50772173929303fbe6024f179e4dd9837c71f6efc661bdb046860d442d05b5?s=96&d=mm&r=g","height":96,"width":96}},"publisher":{"@type":"Organization","name":"feryl.cz","logo":{"@type":"ImageObject","@id":"\/logo.png","url":"\/logo.png","width":600,"height":60}},"image":null,"wordCount":210,"keywords":null},{"@type":"Article","@id":"https:\/\/www.feryl.cz\/udelame-pro-propagaci-hodne\/","headline":"Ud\u011bl\u00e1me pro propagaci hodn\u011b","url":"https:\/\/www.feryl.cz\/udelame-pro-propagaci-hodne\/","datePublished":"2025-02-07","dateModified":"2025-02-07","mainEntityOfPage":"https:\/\/www.feryl.cz\/udelame-pro-propagaci-hodne\/","author":{"@type":"Person","@id":"https:\/\/www.feryl.cz\/author\/devene\/#Person","name":"devene","url":"https:\/\/www.feryl.cz\/author\/devene\/","identifier":1,"image":{"@type":"ImageObject","@id":"https:\/\/secure.gravatar.com\/avatar\/fb50772173929303fbe6024f179e4dd9837c71f6efc661bdb046860d442d05b5?s=96&d=mm&r=g","url":"https:\/\/secure.gravatar.com\/avatar\/fb50772173929303fbe6024f179e4dd9837c71f6efc661bdb046860d442d05b5?s=96&d=mm&r=g","height":96,"width":96}},"publisher":{"@type":"Organization","name":"feryl.cz","logo":{"@type":"ImageObject","@id":"\/logo.png","url":"\/logo.png","width":600,"height":60}},"image":null,"wordCount":249,"keywords":null},{"@type":"Article","@id":"https:\/\/www.feryl.cz\/dovolujeme-si-vam-nabidnout-ubytovani\/","headline":"Dovolujeme si v\u00e1m nab\u00eddnout ubytov\u00e1n\u00ed","url":"https:\/\/www.feryl.cz\/dovolujeme-si-vam-nabidnout-ubytovani\/","datePublished":"2025-01-31","dateModified":"2025-01-31","mainEntityOfPage":"https:\/\/www.feryl.cz\/dovolujeme-si-vam-nabidnout-ubytovani\/","author":{"@type":"Person","@id":"https:\/\/www.feryl.cz\/author\/devene\/#Person","name":"devene","url":"https:\/\/www.feryl.cz\/author\/devene\/","identifier":1,"image":{"@type":"ImageObject","@id":"https:\/\/secure.gravatar.com\/avatar\/fb50772173929303fbe6024f179e4dd9837c71f6efc661bdb046860d442d05b5?s=96&d=mm&r=g","url":"https:\/\/secure.gravatar.com\/avatar\/fb50772173929303fbe6024f179e4dd9837c71f6efc661bdb046860d442d05b5?s=96&d=mm&r=g","height":96,"width":96}},"publisher":{"@type":"Organization","name":"feryl.cz","logo":{"@type":"ImageObject","@id":"\/logo.png","url":"\/logo.png","width":600,"height":60}},"image":null,"wordCount":214,"keywords":null},{"@type":"Article","@id":"https:\/\/www.feryl.cz\/spotrebic-ktery-je-dulezity-pro-kazdou-kuchyni\/","headline":"Spot\u0159ebi\u010d, kter\u00fd je d\u016fle\u017eit\u00fd pro ka\u017edou kuchyni","url":"https:\/\/www.feryl.cz\/spotrebic-ktery-je-dulezity-pro-kazdou-kuchyni\/","datePublished":"2025-01-22","dateModified":"2025-01-22","mainEntityOfPage":"https:\/\/www.feryl.cz\/spotrebic-ktery-je-dulezity-pro-kazdou-kuchyni\/","author":{"@type":"Person","@id":"https:\/\/www.feryl.cz\/author\/devene\/#Person","name":"devene","url":"https:\/\/www.feryl.cz\/author\/devene\/","identifier":1,"image":{"@type":"ImageObject","@id":"https:\/\/secure.gravatar.com\/avatar\/fb50772173929303fbe6024f179e4dd9837c71f6efc661bdb046860d442d05b5?s=96&d=mm&r=g","url":"https:\/\/secure.gravatar.com\/avatar\/fb50772173929303fbe6024f179e4dd9837c71f6efc661bdb046860d442d05b5?s=96&d=mm&r=g","height":96,"width":96}},"publisher":{"@type":"Organization","name":"feryl.cz","logo":{"@type":"ImageObject","@id":"\/logo.png","url":"\/logo.png","width":600,"height":60}},"image":null,"wordCount":291,"keywords":null},{"@type":"Article","@id":"https:\/\/www.feryl.cz\/predelejte-stare-kousky-sveho-obleceni\/","headline":"P\u0159ed\u011blejte star\u00e9 kousky sv\u00e9ho oble\u010den\u00ed","url":"https:\/\/www.feryl.cz\/predelejte-stare-kousky-sveho-obleceni\/","datePublished":"2025-01-21","dateModified":"2025-01-21","mainEntityOfPage":"https:\/\/www.feryl.cz\/predelejte-stare-kousky-sveho-obleceni\/","author":{"@type":"Person","@id":"https:\/\/www.feryl.cz\/author\/devene\/#Person","name":"devene","url":"https:\/\/www.feryl.cz\/author\/devene\/","identifier":1,"image":{"@type":"ImageObject","@id":"https:\/\/secure.gravatar.com\/avatar\/fb50772173929303fbe6024f179e4dd9837c71f6efc661bdb046860d442d05b5?s=96&d=mm&r=g","url":"https:\/\/secure.gravatar.com\/avatar\/fb50772173929303fbe6024f179e4dd9837c71f6efc661bdb046860d442d05b5?s=96&d=mm&r=g","height":96,"width":96}},"publisher":{"@type":"Organization","name":"feryl.cz","logo":{"@type":"ImageObject","@id":"\/logo.png","url":"\/logo.png","width":600,"height":60}},"image":{"@type":"ImageObject","@id":"https:\/\/www.feryl.cz\/wp-content\/uploads\/tata-toto-Ohcd8kxKdQs-unsplash.jpg","url":"https:\/\/www.feryl.cz\/wp-content\/uploads\/tata-toto-Ohcd8kxKdQs-unsplash.jpg","height":0,"width":0},"wordCount":588,"keywords":null},{"@type":"Article","@id":"https:\/\/www.feryl.cz\/autoskla-praha-vymenime-v-rekordnim-case\/","headline":"Autoskla Praha vym\u011bn\u00edme v\u00a0rekordn\u00edm \u010dase","url":"https:\/\/www.feryl.cz\/autoskla-praha-vymenime-v-rekordnim-case\/","datePublished":"2025-01-18","dateModified":"2025-01-18","mainEntityOfPage":"https:\/\/www.feryl.cz\/autoskla-praha-vymenime-v-rekordnim-case\/","author":{"@type":"Person","@id":"https:\/\/www.feryl.cz\/author\/devene\/#Person","name":"devene","url":"https:\/\/www.feryl.cz\/author\/devene\/","identifier":1,"image":{"@type":"ImageObject","@id":"https:\/\/secure.gravatar.com\/avatar\/fb50772173929303fbe6024f179e4dd9837c71f6efc661bdb046860d442d05b5?s=96&d=mm&r=g","url":"https:\/\/secure.gravatar.com\/avatar\/fb50772173929303fbe6024f179e4dd9837c71f6efc661bdb046860d442d05b5?s=96&d=mm&r=g","height":96,"width":96}},"publisher":{"@type":"Organization","name":"feryl.cz","logo":{"@type":"ImageObject","@id":"\/logo.png","url":"\/logo.png","width":600,"height":60}},"image":null,"wordCount":243,"keywords":null},{"@type":"Article","@id":"https:\/\/www.feryl.cz\/hledate-stroje-pro-specialni-vyrobu\/","headline":"Hled\u00e1te stroje pro speci\u00e1ln\u00ed v\u00fdrobu?","url":"https:\/\/www.feryl.cz\/hledate-stroje-pro-specialni-vyrobu\/","datePublished":"2025-01-10","dateModified":"2025-01-10","mainEntityOfPage":"https:\/\/www.feryl.cz\/hledate-stroje-pro-specialni-vyrobu\/","author":{"@type":"Person","@id":"https:\/\/www.feryl.cz\/author\/devene\/#Person","name":"devene","url":"https:\/\/www.feryl.cz\/author\/devene\/","identifier":1,"image":{"@type":"ImageObject","@id":"https:\/\/secure.gravatar.com\/avatar\/fb50772173929303fbe6024f179e4dd9837c71f6efc661bdb046860d442d05b5?s=96&d=mm&r=g","url":"https:\/\/secure.gravatar.com\/avatar\/fb50772173929303fbe6024f179e4dd9837c71f6efc661bdb046860d442d05b5?s=96&d=mm&r=g","height":96,"width":96}},"publisher":{"@type":"Organization","name":"feryl.cz","logo":{"@type":"ImageObject","@id":"\/logo.png","url":"\/logo.png","width":600,"height":60}},"image":null,"wordCount":271,"keywords":null}]},{"@context":"https:\/\/schema.org","@type":"WebSite","@id":"https:\/\/www.feryl.cz\/#website","name":"Feryl","url":"https:\/\/www.feryl.cz","potentialAction":{"@type":"SearchAction","target":"https:\/\/www.feryl.cz\/?s={search_term_string}","query-input":"required name=search_term_string"}}]