[{"@context":"https:\/\/schema.org\/","@type":"Blog","@id":"https:\/\/www.feryl.cz#Blog","headline":"Feryl","description":"\nInternet v mnoha ohledech vl\u00e1dne sv\u011btu. A na na\u0161em webu se ze v\u0161ech sil sna\u017e\u00edme, abychom my byli jen t\u011bmi nejlep\u0161\u00edmi a nejmoud\u0159ej\u0161\u00edmi spoluvl\u00e1dci sv\u011bta.","url":"https:\/\/www.feryl.cz","hasPart":[{"@type":"Article","@id":"https:\/\/www.feryl.cz\/hledate-stroje-pro-specialni-vyrobu\/","headline":"Hled\u00e1te stroje pro speci\u00e1ln\u00ed v\u00fdrobu?","url":"https:\/\/www.feryl.cz\/hledate-stroje-pro-specialni-vyrobu\/","datePublished":"2025-01-10","dateModified":"2025-01-10","mainEntityOfPage":"https:\/\/www.feryl.cz\/hledate-stroje-pro-specialni-vyrobu\/","author":{"@type":"Person","@id":"https:\/\/www.feryl.cz\/author\/devene\/#Person","name":"devene","url":"https:\/\/www.feryl.cz\/author\/devene\/","identifier":1,"image":{"@type":"ImageObject","@id":"https:\/\/secure.gravatar.com\/avatar\/fb50772173929303fbe6024f179e4dd9837c71f6efc661bdb046860d442d05b5?s=96&d=mm&r=g","url":"https:\/\/secure.gravatar.com\/avatar\/fb50772173929303fbe6024f179e4dd9837c71f6efc661bdb046860d442d05b5?s=96&d=mm&r=g","height":96,"width":96}},"publisher":{"@type":"Organization","name":"feryl.cz","logo":{"@type":"ImageObject","@id":"\/logo.png","url":"\/logo.png","width":600,"height":60}},"image":null,"wordCount":271,"keywords":null},{"@type":"Article","@id":"https:\/\/www.feryl.cz\/machovo-jezero-chatky\/","headline":"M\u00e1chovo jezero chatky","url":"https:\/\/www.feryl.cz\/machovo-jezero-chatky\/","datePublished":"2025-01-05","dateModified":"2025-01-05","mainEntityOfPage":"https:\/\/www.feryl.cz\/machovo-jezero-chatky\/","author":{"@type":"Person","@id":"https:\/\/www.feryl.cz\/author\/devene\/#Person","name":"devene","url":"https:\/\/www.feryl.cz\/author\/devene\/","identifier":1,"image":{"@type":"ImageObject","@id":"https:\/\/secure.gravatar.com\/avatar\/fb50772173929303fbe6024f179e4dd9837c71f6efc661bdb046860d442d05b5?s=96&d=mm&r=g","url":"https:\/\/secure.gravatar.com\/avatar\/fb50772173929303fbe6024f179e4dd9837c71f6efc661bdb046860d442d05b5?s=96&d=mm&r=g","height":96,"width":96}},"publisher":{"@type":"Organization","name":"feryl.cz","logo":{"@type":"ImageObject","@id":"\/logo.png","url":"\/logo.png","width":600,"height":60}},"image":null,"wordCount":214,"keywords":null},{"@type":"Article","@id":"https:\/\/www.feryl.cz\/neni-snadne-ziskat-hypoteku\/","headline":"Nen\u00ed snadn\u00e9 z\u00edskat hypot\u00e9ku","url":"https:\/\/www.feryl.cz\/neni-snadne-ziskat-hypoteku\/","datePublished":"2024-12-27","dateModified":"2024-12-27","mainEntityOfPage":"https:\/\/www.feryl.cz\/neni-snadne-ziskat-hypoteku\/","author":{"@type":"Person","@id":"https:\/\/www.feryl.cz\/author\/devene\/#Person","name":"devene","url":"https:\/\/www.feryl.cz\/author\/devene\/","identifier":1,"image":{"@type":"ImageObject","@id":"https:\/\/secure.gravatar.com\/avatar\/fb50772173929303fbe6024f179e4dd9837c71f6efc661bdb046860d442d05b5?s=96&d=mm&r=g","url":"https:\/\/secure.gravatar.com\/avatar\/fb50772173929303fbe6024f179e4dd9837c71f6efc661bdb046860d442d05b5?s=96&d=mm&r=g","height":96,"width":96}},"publisher":{"@type":"Organization","name":"feryl.cz","logo":{"@type":"ImageObject","@id":"\/logo.png","url":"\/logo.png","width":600,"height":60}},"image":{"@type":"ImageObject","@id":"https:\/\/www.feryl.cz\/wp-content\/uploads\/money-2724245_640_10_10_10_10_10_10_10_10_10_10_10_10_3.jpg","url":"https:\/\/www.feryl.cz\/wp-content\/uploads\/money-2724245_640_10_10_10_10_10_10_10_10_10_10_10_10_3.jpg","height":0,"width":0},"wordCount":632,"keywords":null},{"@type":"Article","@id":"https:\/\/www.feryl.cz\/venujeme-zvysenou-pozornost-nasi-mladezi\/","headline":"V\u011bnujeme zv\u00fd\u0161enou pozornost na\u0161\u00ed ml\u00e1de\u017ei","url":"https:\/\/www.feryl.cz\/venujeme-zvysenou-pozornost-nasi-mladezi\/","datePublished":"2024-12-26","dateModified":"2024-12-26","mainEntityOfPage":"https:\/\/www.feryl.cz\/venujeme-zvysenou-pozornost-nasi-mladezi\/","author":{"@type":"Person","@id":"https:\/\/www.feryl.cz\/author\/devene\/#Person","name":"devene","url":"https:\/\/www.feryl.cz\/author\/devene\/","identifier":1,"image":{"@type":"ImageObject","@id":"https:\/\/secure.gravatar.com\/avatar\/fb50772173929303fbe6024f179e4dd9837c71f6efc661bdb046860d442d05b5?s=96&d=mm&r=g","url":"https:\/\/secure.gravatar.com\/avatar\/fb50772173929303fbe6024f179e4dd9837c71f6efc661bdb046860d442d05b5?s=96&d=mm&r=g","height":96,"width":96}},"publisher":{"@type":"Organization","name":"feryl.cz","logo":{"@type":"ImageObject","@id":"\/logo.png","url":"\/logo.png","width":600,"height":60}},"image":null,"wordCount":219,"keywords":null},{"@type":"Article","@id":"https:\/\/www.feryl.cz\/vzit-si-pujcku\/","headline":"Vz\u00edt si p\u016fj\u010dku?","url":"https:\/\/www.feryl.cz\/vzit-si-pujcku\/","datePublished":"2024-12-23","dateModified":"2024-12-23","mainEntityOfPage":"https:\/\/www.feryl.cz\/vzit-si-pujcku\/","author":{"@type":"Person","@id":"https:\/\/www.feryl.cz\/author\/devene\/#Person","name":"devene","url":"https:\/\/www.feryl.cz\/author\/devene\/","identifier":1,"image":{"@type":"ImageObject","@id":"https:\/\/secure.gravatar.com\/avatar\/fb50772173929303fbe6024f179e4dd9837c71f6efc661bdb046860d442d05b5?s=96&d=mm&r=g","url":"https:\/\/secure.gravatar.com\/avatar\/fb50772173929303fbe6024f179e4dd9837c71f6efc661bdb046860d442d05b5?s=96&d=mm&r=g","height":96,"width":96}},"publisher":{"@type":"Organization","name":"feryl.cz","logo":{"@type":"ImageObject","@id":"\/logo.png","url":"\/logo.png","width":600,"height":60}},"image":{"@type":"ImageObject","@id":"https:\/\/www.feryl.cz\/wp-content\/uploads\/brano-heYdDdq0cbE-unsplash_1.jpg","url":"https:\/\/www.feryl.cz\/wp-content\/uploads\/brano-heYdDdq0cbE-unsplash_1.jpg","height":0,"width":0},"wordCount":597,"keywords":null},{"@type":"Article","@id":"https:\/\/www.feryl.cz\/direct-mail\/","headline":"Direct mail","url":"https:\/\/www.feryl.cz\/direct-mail\/","datePublished":"2024-12-23","dateModified":"2024-12-23","mainEntityOfPage":"https:\/\/www.feryl.cz\/direct-mail\/","author":{"@type":"Person","@id":"https:\/\/www.feryl.cz\/author\/devene\/#Person","name":"devene","url":"https:\/\/www.feryl.cz\/author\/devene\/","identifier":1,"image":{"@type":"ImageObject","@id":"https:\/\/secure.gravatar.com\/avatar\/fb50772173929303fbe6024f179e4dd9837c71f6efc661bdb046860d442d05b5?s=96&d=mm&r=g","url":"https:\/\/secure.gravatar.com\/avatar\/fb50772173929303fbe6024f179e4dd9837c71f6efc661bdb046860d442d05b5?s=96&d=mm&r=g","height":96,"width":96}},"publisher":{"@type":"Organization","name":"feryl.cz","logo":{"@type":"ImageObject","@id":"\/logo.png","url":"\/logo.png","width":600,"height":60}},"image":null,"wordCount":244,"keywords":null},{"@type":"Article","@id":"https:\/\/www.feryl.cz\/sazite-ale-nevyhravate\/","headline":"S\u00e1z\u00edte, ale nevyhr\u00e1v\u00e1te?","url":"https:\/\/www.feryl.cz\/sazite-ale-nevyhravate\/","datePublished":"2024-12-16","dateModified":"2024-12-16","mainEntityOfPage":"https:\/\/www.feryl.cz\/sazite-ale-nevyhravate\/","author":{"@type":"Person","@id":"https:\/\/www.feryl.cz\/author\/devene\/#Person","name":"devene","url":"https:\/\/www.feryl.cz\/author\/devene\/","identifier":1,"image":{"@type":"ImageObject","@id":"https:\/\/secure.gravatar.com\/avatar\/fb50772173929303fbe6024f179e4dd9837c71f6efc661bdb046860d442d05b5?s=96&d=mm&r=g","url":"https:\/\/secure.gravatar.com\/avatar\/fb50772173929303fbe6024f179e4dd9837c71f6efc661bdb046860d442d05b5?s=96&d=mm&r=g","height":96,"width":96}},"publisher":{"@type":"Organization","name":"feryl.cz","logo":{"@type":"ImageObject","@id":"\/logo.png","url":"\/logo.png","width":600,"height":60}},"image":{"@type":"ImageObject","@id":"https:\/\/www.feryl.cz\/wp-content\/uploads\/stadium-436081_640_1.jpg","url":"https:\/\/www.feryl.cz\/wp-content\/uploads\/stadium-436081_640_1.jpg","height":0,"width":0},"wordCount":637,"keywords":null},{"@type":"Article","@id":"https:\/\/www.feryl.cz\/garnyze-spolecne-s-jinymi-doplnky-vytvori-opravdovy-domov\/","headline":"Garn\u00fd\u017ee spole\u010dn\u011b s jin\u00fdmi dopl\u0148ky vytvo\u0159\u00ed opravdov\u00fd domov","url":"https:\/\/www.feryl.cz\/garnyze-spolecne-s-jinymi-doplnky-vytvori-opravdovy-domov\/","datePublished":"2024-12-15","dateModified":"2024-12-15","mainEntityOfPage":"https:\/\/www.feryl.cz\/garnyze-spolecne-s-jinymi-doplnky-vytvori-opravdovy-domov\/","author":{"@type":"Person","@id":"https:\/\/www.feryl.cz\/author\/devene\/#Person","name":"devene","url":"https:\/\/www.feryl.cz\/author\/devene\/","identifier":1,"image":{"@type":"ImageObject","@id":"https:\/\/secure.gravatar.com\/avatar\/fb50772173929303fbe6024f179e4dd9837c71f6efc661bdb046860d442d05b5?s=96&d=mm&r=g","url":"https:\/\/secure.gravatar.com\/avatar\/fb50772173929303fbe6024f179e4dd9837c71f6efc661bdb046860d442d05b5?s=96&d=mm&r=g","height":96,"width":96}},"publisher":{"@type":"Organization","name":"feryl.cz","logo":{"@type":"ImageObject","@id":"\/logo.png","url":"\/logo.png","width":600,"height":60}},"image":null,"wordCount":228,"keywords":null},{"@type":"Article","@id":"https:\/\/www.feryl.cz\/odpocivejte-s-nasim-relaxacnim-pobytem\/","headline":"Odpo\u010d\u00edvejte s\u00a0na\u0161\u00edm relaxa\u010dn\u00edm pobytem","url":"https:\/\/www.feryl.cz\/odpocivejte-s-nasim-relaxacnim-pobytem\/","datePublished":"2024-12-08","dateModified":"2024-12-08","mainEntityOfPage":"https:\/\/www.feryl.cz\/odpocivejte-s-nasim-relaxacnim-pobytem\/","author":{"@type":"Person","@id":"https:\/\/www.feryl.cz\/author\/devene\/#Person","name":"devene","url":"https:\/\/www.feryl.cz\/author\/devene\/","identifier":1,"image":{"@type":"ImageObject","@id":"https:\/\/secure.gravatar.com\/avatar\/fb50772173929303fbe6024f179e4dd9837c71f6efc661bdb046860d442d05b5?s=96&d=mm&r=g","url":"https:\/\/secure.gravatar.com\/avatar\/fb50772173929303fbe6024f179e4dd9837c71f6efc661bdb046860d442d05b5?s=96&d=mm&r=g","height":96,"width":96}},"publisher":{"@type":"Organization","name":"feryl.cz","logo":{"@type":"ImageObject","@id":"\/logo.png","url":"\/logo.png","width":600,"height":60}},"image":null,"wordCount":243,"keywords":null},{"@type":"Article","@id":"https:\/\/www.feryl.cz\/ubytovani-jetrichovice\/","headline":"Ubytov\u00e1n\u00ed Jet\u0159ichovice","url":"https:\/\/www.feryl.cz\/ubytovani-jetrichovice\/","datePublished":"2024-11-29","dateModified":"2024-11-29","mainEntityOfPage":"https:\/\/www.feryl.cz\/ubytovani-jetrichovice\/","author":{"@type":"Person","@id":"https:\/\/www.feryl.cz\/author\/devene\/#Person","name":"devene","url":"https:\/\/www.feryl.cz\/author\/devene\/","identifier":1,"image":{"@type":"ImageObject","@id":"https:\/\/secure.gravatar.com\/avatar\/fb50772173929303fbe6024f179e4dd9837c71f6efc661bdb046860d442d05b5?s=96&d=mm&r=g","url":"https:\/\/secure.gravatar.com\/avatar\/fb50772173929303fbe6024f179e4dd9837c71f6efc661bdb046860d442d05b5?s=96&d=mm&r=g","height":96,"width":96}},"publisher":{"@type":"Organization","name":"feryl.cz","logo":{"@type":"ImageObject","@id":"\/logo.png","url":"\/logo.png","width":600,"height":60}},"image":null,"wordCount":265,"keywords":null}]},{"@context":"https:\/\/schema.org","@type":"WebSite","@id":"https:\/\/www.feryl.cz\/#website","name":"Feryl","url":"https:\/\/www.feryl.cz","potentialAction":{"@type":"SearchAction","target":"https:\/\/www.feryl.cz\/?s={search_term_string}","query-input":"required name=search_term_string"}}]