[{"@context":"https:\/\/schema.org\/","@type":"Blog","@id":"https:\/\/www.feryl.cz#Blog","headline":"Feryl","description":"\nInternet v mnoha ohledech vl\u00e1dne sv\u011btu. A na na\u0161em webu se ze v\u0161ech sil sna\u017e\u00edme, abychom my byli jen t\u011bmi nejlep\u0161\u00edmi a nejmoud\u0159ej\u0161\u00edmi spoluvl\u00e1dci sv\u011bta.","url":"https:\/\/www.feryl.cz","hasPart":[{"@type":"Article","@id":"https:\/\/www.feryl.cz\/pohodli-a-prijemna-atmosfera\/","headline":"Pohodl\u00ed a p\u0159\u00edjemn\u00e1 atmosf\u00e9ra","url":"https:\/\/www.feryl.cz\/pohodli-a-prijemna-atmosfera\/","datePublished":"2023-07-25","dateModified":"2023-07-25","mainEntityOfPage":"https:\/\/www.feryl.cz\/pohodli-a-prijemna-atmosfera\/","author":{"@type":"Person","@id":"https:\/\/www.feryl.cz\/author\/devene\/#Person","name":"devene","url":"https:\/\/www.feryl.cz\/author\/devene\/","identifier":1,"image":{"@type":"ImageObject","@id":"https:\/\/secure.gravatar.com\/avatar\/fb50772173929303fbe6024f179e4dd9837c71f6efc661bdb046860d442d05b5?s=96&d=mm&r=g","url":"https:\/\/secure.gravatar.com\/avatar\/fb50772173929303fbe6024f179e4dd9837c71f6efc661bdb046860d442d05b5?s=96&d=mm&r=g","height":96,"width":96}},"publisher":{"@type":"Organization","name":"feryl.cz","logo":{"@type":"ImageObject","@id":"\/logo.png","url":"\/logo.png","width":600,"height":60}},"image":null,"wordCount":314,"keywords":null},{"@type":"Article","@id":"https:\/\/www.feryl.cz\/mejte-i-vy-bydleni-jako-z-obalky-casopisu\/","headline":"M\u011bjte i Vy bydlen\u00ed jako z ob\u00e1lky \u010dasopisu","url":"https:\/\/www.feryl.cz\/mejte-i-vy-bydleni-jako-z-obalky-casopisu\/","datePublished":"2023-06-17","dateModified":"2024-06-18","mainEntityOfPage":"https:\/\/www.feryl.cz\/mejte-i-vy-bydleni-jako-z-obalky-casopisu\/","author":{"@type":"Person","@id":"https:\/\/www.feryl.cz\/author\/devene\/#Person","name":"devene","url":"https:\/\/www.feryl.cz\/author\/devene\/","identifier":1,"image":{"@type":"ImageObject","@id":"https:\/\/secure.gravatar.com\/avatar\/fb50772173929303fbe6024f179e4dd9837c71f6efc661bdb046860d442d05b5?s=96&d=mm&r=g","url":"https:\/\/secure.gravatar.com\/avatar\/fb50772173929303fbe6024f179e4dd9837c71f6efc661bdb046860d442d05b5?s=96&d=mm&r=g","height":96,"width":96}},"publisher":{"@type":"Organization","name":"feryl.cz","logo":{"@type":"ImageObject","@id":"\/logo.png","url":"\/logo.png","width":600,"height":60}},"image":null,"wordCount":270,"keywords":null},{"@type":"Article","@id":"https:\/\/www.feryl.cz\/nestresujte-se-kvuli-uniku-vody-v-dome\/","headline":"Nestresujte se kv\u016fli \u00faniku vody v dom\u011b","url":"https:\/\/www.feryl.cz\/nestresujte-se-kvuli-uniku-vody-v-dome\/","datePublished":"2023-05-03","dateModified":"2023-05-03","mainEntityOfPage":"https:\/\/www.feryl.cz\/nestresujte-se-kvuli-uniku-vody-v-dome\/","author":{"@type":"Person","@id":"https:\/\/www.feryl.cz\/author\/devene\/#Person","name":"devene","url":"https:\/\/www.feryl.cz\/author\/devene\/","identifier":1,"image":{"@type":"ImageObject","@id":"https:\/\/secure.gravatar.com\/avatar\/fb50772173929303fbe6024f179e4dd9837c71f6efc661bdb046860d442d05b5?s=96&d=mm&r=g","url":"https:\/\/secure.gravatar.com\/avatar\/fb50772173929303fbe6024f179e4dd9837c71f6efc661bdb046860d442d05b5?s=96&d=mm&r=g","height":96,"width":96}},"publisher":{"@type":"Organization","name":"feryl.cz","logo":{"@type":"ImageObject","@id":"\/logo.png","url":"\/logo.png","width":600,"height":60}},"image":{"@type":"ImageObject","@id":"https:\/\/www.feryl.cz\/wp-content\/uploads\/plumber-2788334_640_7.jpg","url":"https:\/\/www.feryl.cz\/wp-content\/uploads\/plumber-2788334_640_7.jpg","height":0,"width":0},"wordCount":566,"keywords":null},{"@type":"Article","@id":"https:\/\/www.feryl.cz\/co-delat-kdyz-se-stesti-unavi\/","headline":"Co d\u011blat, kdy\u017e se \u0161t\u011bst\u00ed unav\u00ed?","url":"https:\/\/www.feryl.cz\/co-delat-kdyz-se-stesti-unavi\/","datePublished":"2023-05-02","dateModified":"2023-05-02","mainEntityOfPage":"https:\/\/www.feryl.cz\/co-delat-kdyz-se-stesti-unavi\/","author":{"@type":"Person","@id":"https:\/\/www.feryl.cz\/author\/devene\/#Person","name":"devene","url":"https:\/\/www.feryl.cz\/author\/devene\/","identifier":1,"image":{"@type":"ImageObject","@id":"https:\/\/secure.gravatar.com\/avatar\/fb50772173929303fbe6024f179e4dd9837c71f6efc661bdb046860d442d05b5?s=96&d=mm&r=g","url":"https:\/\/secure.gravatar.com\/avatar\/fb50772173929303fbe6024f179e4dd9837c71f6efc661bdb046860d442d05b5?s=96&d=mm&r=g","height":96,"width":96}},"publisher":{"@type":"Organization","name":"feryl.cz","logo":{"@type":"ImageObject","@id":"\/logo.png","url":"\/logo.png","width":600,"height":60}},"image":null,"wordCount":464,"keywords":null},{"@type":"Article","@id":"https:\/\/www.feryl.cz\/nocni-pohlazeni\/","headline":"No\u010dn\u00ed pohlazen\u00ed","url":"https:\/\/www.feryl.cz\/nocni-pohlazeni\/","datePublished":"2023-04-29","dateModified":"2024-04-30","mainEntityOfPage":"https:\/\/www.feryl.cz\/nocni-pohlazeni\/","author":{"@type":"Person","@id":"https:\/\/www.feryl.cz\/author\/devene\/#Person","name":"devene","url":"https:\/\/www.feryl.cz\/author\/devene\/","identifier":1,"image":{"@type":"ImageObject","@id":"https:\/\/secure.gravatar.com\/avatar\/fb50772173929303fbe6024f179e4dd9837c71f6efc661bdb046860d442d05b5?s=96&d=mm&r=g","url":"https:\/\/secure.gravatar.com\/avatar\/fb50772173929303fbe6024f179e4dd9837c71f6efc661bdb046860d442d05b5?s=96&d=mm&r=g","height":96,"width":96}},"publisher":{"@type":"Organization","name":"feryl.cz","logo":{"@type":"ImageObject","@id":"\/logo.png","url":"\/logo.png","width":600,"height":60}},"image":null,"wordCount":539,"keywords":null},{"@type":"Article","@id":"https:\/\/www.feryl.cz\/novy-vzhled-auta\/","headline":"Nov\u00fd vzhled auta","url":"https:\/\/www.feryl.cz\/novy-vzhled-auta\/","datePublished":"2023-04-05","dateModified":"2023-04-05","mainEntityOfPage":"https:\/\/www.feryl.cz\/novy-vzhled-auta\/","author":{"@type":"Person","@id":"https:\/\/www.feryl.cz\/author\/devene\/#Person","name":"devene","url":"https:\/\/www.feryl.cz\/author\/devene\/","identifier":1,"image":{"@type":"ImageObject","@id":"https:\/\/secure.gravatar.com\/avatar\/fb50772173929303fbe6024f179e4dd9837c71f6efc661bdb046860d442d05b5?s=96&d=mm&r=g","url":"https:\/\/secure.gravatar.com\/avatar\/fb50772173929303fbe6024f179e4dd9837c71f6efc661bdb046860d442d05b5?s=96&d=mm&r=g","height":96,"width":96}},"publisher":{"@type":"Organization","name":"feryl.cz","logo":{"@type":"ImageObject","@id":"\/logo.png","url":"\/logo.png","width":600,"height":60}},"image":{"@type":"ImageObject","@id":"https:\/\/www.feryl.cz\/wp-content\/uploads\/6F8BAFD8-AAB8-45F4-A032-996238BEA037_1.jpeg","url":"https:\/\/www.feryl.cz\/wp-content\/uploads\/6F8BAFD8-AAB8-45F4-A032-996238BEA037_1.jpeg","height":0,"width":0},"wordCount":537,"keywords":null},{"@type":"Article","@id":"https:\/\/www.feryl.cz\/pred-sjednanim-srovnejte-ceny\/","headline":"P\u0159ed sjedn\u00e1n\u00edm srovnejte ceny","url":"https:\/\/www.feryl.cz\/pred-sjednanim-srovnejte-ceny\/","datePublished":"2023-03-26","dateModified":"2024-03-27","mainEntityOfPage":"https:\/\/www.feryl.cz\/pred-sjednanim-srovnejte-ceny\/","author":{"@type":"Person","@id":"https:\/\/www.feryl.cz\/author\/devene\/#Person","name":"devene","url":"https:\/\/www.feryl.cz\/author\/devene\/","identifier":1,"image":{"@type":"ImageObject","@id":"https:\/\/secure.gravatar.com\/avatar\/fb50772173929303fbe6024f179e4dd9837c71f6efc661bdb046860d442d05b5?s=96&d=mm&r=g","url":"https:\/\/secure.gravatar.com\/avatar\/fb50772173929303fbe6024f179e4dd9837c71f6efc661bdb046860d442d05b5?s=96&d=mm&r=g","height":96,"width":96}},"publisher":{"@type":"Organization","name":"feryl.cz","logo":{"@type":"ImageObject","@id":"\/logo.png","url":"\/logo.png","width":600,"height":60}},"image":null,"wordCount":519,"keywords":null},{"@type":"Article","@id":"https:\/\/www.feryl.cz\/netrapte-se-s-uklidem-my-ho-vyresime-za-vas\/","headline":"Netrapte se s \u00faklidem, my ho vy\u0159e\u0161\u00edme za v\u00e1s!","url":"https:\/\/www.feryl.cz\/netrapte-se-s-uklidem-my-ho-vyresime-za-vas\/","datePublished":"2023-02-18","dateModified":"2024-02-21","mainEntityOfPage":"https:\/\/www.feryl.cz\/netrapte-se-s-uklidem-my-ho-vyresime-za-vas\/","author":{"@type":"Person","@id":"https:\/\/www.feryl.cz\/author\/devene\/#Person","name":"devene","url":"https:\/\/www.feryl.cz\/author\/devene\/","identifier":1,"image":{"@type":"ImageObject","@id":"https:\/\/secure.gravatar.com\/avatar\/fb50772173929303fbe6024f179e4dd9837c71f6efc661bdb046860d442d05b5?s=96&d=mm&r=g","url":"https:\/\/secure.gravatar.com\/avatar\/fb50772173929303fbe6024f179e4dd9837c71f6efc661bdb046860d442d05b5?s=96&d=mm&r=g","height":96,"width":96}},"publisher":{"@type":"Organization","name":"feryl.cz","logo":{"@type":"ImageObject","@id":"\/logo.png","url":"\/logo.png","width":600,"height":60}},"image":null,"wordCount":880,"keywords":null},{"@type":"Article","@id":"https:\/\/www.feryl.cz\/prodavame-caje-ktere-jsou-prevenci-proti-ruznym-onemocnenim-ale-take-napomahaji-hubnuti\/","headline":"Prod\u00e1v\u00e1me \u010daje kter\u00e9 jsou prevenc\u00ed proti r\u016fzn\u00fdm onemocn\u011bn\u00edm ale tak\u00e9 napom\u00e1haj\u00ed hubnut\u00ed!","url":"https:\/\/www.feryl.cz\/prodavame-caje-ktere-jsou-prevenci-proti-ruznym-onemocnenim-ale-take-napomahaji-hubnuti\/","datePublished":"2023-02-10","dateModified":"2023-05-02","mainEntityOfPage":"https:\/\/www.feryl.cz\/prodavame-caje-ktere-jsou-prevenci-proti-ruznym-onemocnenim-ale-take-napomahaji-hubnuti\/","author":{"@type":"Person","@id":"https:\/\/www.feryl.cz\/author\/devene\/#Person","name":"devene","url":"https:\/\/www.feryl.cz\/author\/devene\/","identifier":1,"image":{"@type":"ImageObject","@id":"https:\/\/secure.gravatar.com\/avatar\/fb50772173929303fbe6024f179e4dd9837c71f6efc661bdb046860d442d05b5?s=96&d=mm&r=g","url":"https:\/\/secure.gravatar.com\/avatar\/fb50772173929303fbe6024f179e4dd9837c71f6efc661bdb046860d442d05b5?s=96&d=mm&r=g","height":96,"width":96}},"publisher":{"@type":"Organization","name":"feryl.cz","logo":{"@type":"ImageObject","@id":"\/logo.png","url":"\/logo.png","width":600,"height":60}},"image":{"@type":"ImageObject","@id":"https:\/\/www.feryl.cz\/wp-content\/uploads\/cup-829527_960_720_4.jpg","url":"https:\/\/www.feryl.cz\/wp-content\/uploads\/cup-829527_960_720_4.jpg","height":0,"width":0},"wordCount":562,"keywords":null},{"@type":"Article","@id":"https:\/\/www.feryl.cz\/ventil-na-nadrz\/","headline":"Ventil na n\u00e1dr\u017e","url":"https:\/\/www.feryl.cz\/ventil-na-nadrz\/","datePublished":"2023-01-14","dateModified":"2023-07-21","mainEntityOfPage":"https:\/\/www.feryl.cz\/ventil-na-nadrz\/","author":{"@type":"Person","@id":"https:\/\/www.feryl.cz\/author\/devene\/#Person","name":"devene","url":"https:\/\/www.feryl.cz\/author\/devene\/","identifier":1,"image":{"@type":"ImageObject","@id":"https:\/\/secure.gravatar.com\/avatar\/fb50772173929303fbe6024f179e4dd9837c71f6efc661bdb046860d442d05b5?s=96&d=mm&r=g","url":"https:\/\/secure.gravatar.com\/avatar\/fb50772173929303fbe6024f179e4dd9837c71f6efc661bdb046860d442d05b5?s=96&d=mm&r=g","height":96,"width":96}},"publisher":{"@type":"Organization","name":"feryl.cz","logo":{"@type":"ImageObject","@id":"\/logo.png","url":"\/logo.png","width":600,"height":60}},"image":{"@type":"ImageObject","@id":"https:\/\/www.feryl.cz\/wp-content\/uploads\/archive-1850170_960_720_10_2.jpg","url":"https:\/\/www.feryl.cz\/wp-content\/uploads\/archive-1850170_960_720_10_2.jpg","height":0,"width":0},"wordCount":554,"keywords":null}]},{"@context":"https:\/\/schema.org","@type":"WebSite","@id":"https:\/\/www.feryl.cz\/#website","name":"Feryl","url":"https:\/\/www.feryl.cz","potentialAction":{"@type":"SearchAction","target":"https:\/\/www.feryl.cz\/?s={search_term_string}","query-input":"required name=search_term_string"}}]