[{"@context":"https:\/\/schema.org\/","@type":"Article","@id":"https:\/\/www.feryl.cz\/pamatka-na-vas-velky-den-ktera-bude-zdobit-vas-oba\/#Article","mainEntityOfPage":"https:\/\/www.feryl.cz\/pamatka-na-vas-velky-den-ktera-bude-zdobit-vas-oba\/","headline":"Pam\u00e1tka na V\u00e1\u0161 velk\u00fd den, kter\u00e1 bude zdobit V\u00e1s oba","name":"Pam\u00e1tka na V\u00e1\u0161 velk\u00fd den, kter\u00e1 bude zdobit V\u00e1s oba","description":"Osnubn\u00edch prstenech jste si jako spr\u00e1vn\u00e1 nev\u011bsta nastudovala doopravdy v\u0161e. Nyn\u00ed nev\u00edte, zda to byl spr\u00e1vn\u00fd krok. V hlav\u011b m\u00e1te v\u0161echny ty d\u016fle\u017eit\u00e9 informace a nyn\u00ed u\u017e si nejste v\u016fbec jist\u00e1, jak\u00fd model si z \u0161irok\u00e9 nab\u00eddky m\u00e1te vlastn\u011b vybrat. Chce to hlavn\u011b klid. Jedn\u00e1 se sice o \u0161perky, kter\u00e9 V\u00e1s budou zdobit po cel\u00fd&hellip; <div class=\"readmore-wrapper\"><a href=\"https:\/\/www.feryl.cz\/pamatka-na-vas-velky-den-ktera-bude-zdobit-vas-oba\/\" class=\"more-link\">P\u0159e\u010d\u00edst <\/a><\/div>","datePublished":"2024-11-20","dateModified":"2024-11-20","author":{"@type":"Person","@id":"https:\/\/www.feryl.cz\/author\/devene\/#Person","name":"devene","url":"https:\/\/www.feryl.cz\/author\/devene\/","identifier":1,"image":{"@type":"ImageObject","@id":"https:\/\/secure.gravatar.com\/avatar\/fb50772173929303fbe6024f179e4dd9837c71f6efc661bdb046860d442d05b5?s=96&d=mm&r=g","url":"https:\/\/secure.gravatar.com\/avatar\/fb50772173929303fbe6024f179e4dd9837c71f6efc661bdb046860d442d05b5?s=96&d=mm&r=g","height":96,"width":96}},"publisher":{"@type":"Organization","name":"feryl.cz","logo":{"@type":"ImageObject","@id":"\/logo.png","url":"\/logo.png","width":600,"height":60}},"url":"https:\/\/www.feryl.cz\/pamatka-na-vas-velky-den-ktera-bude-zdobit-vas-oba\/","wordCount":158,"articleBody":"\tOsnubn\u00edch prstenech jste si jako spr\u00e1vn\u00e1 nev\u011bsta nastudovala doopravdy v\u0161e. Nyn\u00ed nev\u00edte, zda to byl spr\u00e1vn\u00fd krok. V hlav\u011b m\u00e1te v\u0161echny ty d\u016fle\u017eit\u00e9 informace a nyn\u00ed u\u017e si nejste v\u016fbec jist\u00e1, jak\u00fd model si z \u0161irok\u00e9 nab\u00eddky m\u00e1te vlastn\u011b vybrat. Chce to hlavn\u011b klid. Jedn\u00e1 se sice o \u0161perky, kter\u00e9 V\u00e1s budou zdobit po cel\u00fd V\u00e1\u0161 \u017eivot, ale stresovat se jejich v\u00fdb\u011brem nen\u00ed na m\u00edst\u011b.\tJedin\u00fd \u0161perk, kter\u00fd je ochoten V\u00e1\u0161 nast\u00e1vaj\u00edc\u00ed nositO snubn\u00edch prstenech vedete doma dlouh\u00e9 diskuze. Jste nad\u0161en\u00e1, \u017ee je V\u00e1\u0161 nast\u00e1vaj\u00edc\u00ed kone\u010dn\u011b ochoten tento \u0161perk nosit. Odm\u00edt\u00e1 v\u0161echny \u0161perky. Tak jste nad\u0161en\u00e1, \u017ee alespo\u0148 jeden krou\u017eek na sv\u00e9 ruce nejsp\u00ed\u0161 snese. Nen\u00ed to s n\u00edm ob\u010das jednoduch\u00e9, ale oce\u0148ujete, \u017ee V\u00e1m v tomto p\u0159\u00edpad\u011b vy\u0161el vst\u0159\u00edc.                                                                                                                                                                                                                                                                                                                                                                                        4.3\/5 - (3 votes)        "},{"@context":"https:\/\/schema.org\/","@type":"BreadcrumbList","itemListElement":[{"@type":"ListItem","position":1,"name":"Pam\u00e1tka na V\u00e1\u0161 velk\u00fd den, kter\u00e1 bude zdobit V\u00e1s oba","item":"https:\/\/www.feryl.cz\/pamatka-na-vas-velky-den-ktera-bude-zdobit-vas-oba\/#breadcrumbitem"}]}]