[{"@context":"https:\/\/schema.org\/","@type":"Article","@id":"https:\/\/www.feryl.cz\/podnikani-v-duchodu\/#Article","mainEntityOfPage":"https:\/\/www.feryl.cz\/podnikani-v-duchodu\/","headline":"Podnik\u00e1n\u00ed v d\u016fchodu","name":"Podnik\u00e1n\u00ed v d\u016fchodu","description":"Snad ka\u017ed\u00fd, kdo se v\u00a0dne\u0161n\u00ed dob\u011b ji\u017e nach\u00e1z\u00ed v\u00a0d\u016fchodov\u00e9m v\u011bku m\u00e1 za ta l\u00e9ta mnoho zku\u0161enost\u00ed a vitality. Pokud se n\u011bkdo takov\u00fd rozhodne j\u00edt na dr\u00e1hu vlastn\u00ed v\u00fdd\u011ble\u010dn\u00e9 \u010dinnosti a k\u00a0tomu se bude je\u0161t\u011b nav\u00edc cht\u00edt seberealizovat, pak rozhodn\u011b m\u016f\u017ee zv\u00fd\u0161it svou finan\u010dn\u00ed str\u00e1nku pr\u00e1v\u011b ve starobn\u00edm\u00a0d\u016fchodu. To, \u017ee \u010dlov\u011bk odejde do d\u016fchodu, je\u0161t\u011b neznamen\u00e1,&hellip; <div class=\"readmore-wrapper\"><a href=\"https:\/\/www.feryl.cz\/podnikani-v-duchodu\/\" class=\"more-link\">P\u0159e\u010d\u00edst <\/a><\/div>","datePublished":"2025-02-28","dateModified":"2023-05-02","author":{"@type":"Person","@id":"https:\/\/www.feryl.cz\/author\/devene\/#Person","name":"devene","url":"https:\/\/www.feryl.cz\/author\/devene\/","identifier":1,"image":{"@type":"ImageObject","@id":"https:\/\/secure.gravatar.com\/avatar\/fb50772173929303fbe6024f179e4dd9837c71f6efc661bdb046860d442d05b5?s=96&d=mm&r=g","url":"https:\/\/secure.gravatar.com\/avatar\/fb50772173929303fbe6024f179e4dd9837c71f6efc661bdb046860d442d05b5?s=96&d=mm&r=g","height":96,"width":96}},"publisher":{"@type":"Organization","name":"feryl.cz","logo":{"@type":"ImageObject","@id":"\/logo.png","url":"\/logo.png","width":600,"height":60}},"image":{"@type":"ImageObject","@id":"https:\/\/www.feryl.cz\/wp-content\/uploads\/img_a311658_w2151_t1522512277.jpg","url":"https:\/\/www.feryl.cz\/wp-content\/uploads\/img_a311658_w2151_t1522512277.jpg","height":0,"width":0},"url":"https:\/\/www.feryl.cz\/podnikani-v-duchodu\/","wordCount":446,"articleBody":"Snad ka\u017ed\u00fd, kdo se v\u00a0dne\u0161n\u00ed dob\u011b ji\u017e nach\u00e1z\u00ed v\u00a0d\u016fchodov\u00e9m v\u011bku m\u00e1 za ta l\u00e9ta mnoho zku\u0161enost\u00ed a vitality. Pokud se n\u011bkdo takov\u00fd rozhodne j\u00edt na dr\u00e1hu vlastn\u00ed v\u00fdd\u011ble\u010dn\u00e9 \u010dinnosti a k\u00a0tomu se bude je\u0161t\u011b nav\u00edc cht\u00edt seberealizovat, pak rozhodn\u011b m\u016f\u017ee zv\u00fd\u0161it svou finan\u010dn\u00ed str\u00e1nku pr\u00e1v\u011b ve starobn\u00edm\u00a0d\u016fchodu.To, \u017ee \u010dlov\u011bk odejde do d\u016fchodu, je\u0161t\u011b neznamen\u00e1, \u017ee mus\u00ed p\u0159estat vykon\u00e1vat v\u00fdd\u011ble\u010dnou \u010dinnost. Je t\u00edm p\u00e1dem mo\u017en\u00e9 podnikat a z\u00e1rove\u0148 br\u00e1t d\u016fchod.Rozhodn\u011b to m\u00e1 velkou v\u00fdhodu v\u00a0tom, \u017ee doty\u010dn\u00fd je s\u00e1m sob\u011b p\u00e1nem. Jsou mezi n\u00e1mi lid\u00e9, kte\u0159\u00ed po cel\u00fd sv\u016fj \u017eivot cht\u011bli n\u011bjakou tu samostatnou v\u00fdd\u011ble\u010dnou \u010dinnost vykon\u00e1vat, ale nem\u011bli na to t\u0159eba dostatek odvahy, aby ukon\u010dili sv\u00e9 st\u00e1vaj\u00edc\u00ed zam\u011bstn\u00e1n\u00ed. Je pochopiteln\u00e9, \u017ee necht\u011bli j\u00edt do rizika, a\u0165 u\u017e kv\u016fli sob\u011b nebo kv\u016fli sv\u00e9 rodin\u011b. V\u00a0d\u016fchodu ji\u017e ni\u010d\u00edm takov\u00fdm omezeni nejste, tak pro\u010d to nevyzkou\u0161et? V\u011bk p\u0159eci nen\u00ed \u017e\u00e1dnou p\u0159ek\u00e1\u017ekou, jak by se mohlo na prvn\u00ed pohled zd\u00e1t.Ur\u010dit\u011b zn\u00e1te n\u011bkoho, kdo ji\u017e je ve starobn\u00edm d\u016fchodu, ale st\u00e1le chce b\u00fdt pracovn\u011b aktivn\u00ed, proto\u017ee prost\u011b nezvl\u00e1d\u00e1 ned\u011blat nic. Je rozhodn\u011b lep\u0161\u00ed, kdy\u017e si jakoukoliv pr\u00e1ci n\u011bkdo takov\u00fd p\u0159izp\u016fsob\u00ed sv\u00e9mu tempu a \u010dasu. \u010casto d\u016fchodci, kte\u0159\u00ed jsou samostatn\u011b v\u00fdd\u011ble\u010dn\u00ed, pr\u00e1v\u011b podnik\u00e1n\u00ed napl\u0148uje a m\u016f\u017eete si v\u0161imnout, \u017ee jsou pot\u00e9 ka\u017ed\u00fd den ve sv\u00e9m \u017eivot\u011b \u0161\u0165astn\u011bj\u0161\u00ed a spokojen\u011bj\u0161\u00ed.Je pravdou, \u017ee kdy\u017e \u010dlov\u011bk odejde do d\u016fchodu, klesne \u017eivotn\u00ed \u00farove\u0148. Lid\u00e9 v\u00a0d\u016fchodu v\u011bt\u0161inou cht\u011bj\u00ed \u017e\u00edt ka\u017ed\u00fdm okam\u017eikem, tak\u017ee hodn\u011b cestuj\u00ed a v\u011bnuj\u00ed se sv\u00fdm kon\u00ed\u010dk\u016fm, na kter\u00e9 prost\u011b nem\u011bli \u010das. Pr\u00e1v\u011b podnik\u00e1n\u00ed v\u00a0d\u016fchodov\u00e9m v\u011bku zlep\u0161uje finan\u010dn\u00ed str\u00e1nku, tak\u017ee budete m\u00edt v\u00edce pen\u011b\u017e, kter\u00e9 m\u016f\u017eete pou\u017e\u00edt na z\u00e1bavu.Jestli\u017ee budete ze samostatn\u00e9 v\u00fdd\u011ble\u010dn\u00e9 \u010dinnosti odv\u00e1d\u011bt soci\u00e1ln\u00ed poji\u0161t\u011bn\u00ed, m\u016f\u017eete si za\u017e\u00e1dat i o zv\u00fd\u0161en\u00ed va\u0161eho d\u016fchodu. Zv\u00fd\u0161en\u00ed je individu\u00e1ln\u00ed, ale pohybuje se pouze okolo 70k\u010d m\u011bs\u00ed\u010dn\u011b.A jak to vid\u00edte vy? Za\u010dnete tak\u00e9 podnikat?                                                                                                                                                                                                                                                                                                                                                                                        4.4\/5 - (5 votes)        "},{"@context":"https:\/\/schema.org\/","@type":"BreadcrumbList","itemListElement":[{"@type":"ListItem","position":1,"name":"Podnik\u00e1n\u00ed v d\u016fchodu","item":"https:\/\/www.feryl.cz\/podnikani-v-duchodu\/#breadcrumbitem"}]}]