[{"@context":"https:\/\/schema.org\/","@type":"Article","@id":"https:\/\/www.feryl.cz\/pohodove-leto-s-klimatizaci\/#Article","mainEntityOfPage":"https:\/\/www.feryl.cz\/pohodove-leto-s-klimatizaci\/","headline":"Pohodov\u00e9 l\u00e9to s klimatizac\u00ed","name":"Pohodov\u00e9 l\u00e9to s klimatizac\u00ed","description":"V l\u00e9t\u011b se m\u016f\u017eeme vyhnout v interi\u00e9ru vysok\u00fdm teplot\u00e1m d\u00edky klimatizaci. Jej\u00ed ceny nejsou nijak extr\u00e9mn\u00ed, tak\u017ee si ji m\u016f\u017ee dovolit po\u0159\u00eddit b\u011b\u017en\u00e1 rodina. Pohodov\u00e9 l\u00e9to s klimatizac\u00ed P\u0159\u00edjemn\u00e1 teplota Letn\u00ed obdob\u00ed je rozhodn\u011b kr\u00e1sn\u00e9, proto\u017ee d\u011bti maj\u00ed pr\u00e1zdniny a mnoho dosp\u011bl\u00fdch dovolenou, tak\u017ee si u\u017e\u00edv\u00e1me t\u0159eba rodinou dovolenou \u010di koup\u00e1n\u00ed v baz\u00e9nu s p\u0159\u00e1teli&hellip; <div class=\"readmore-wrapper\"><a href=\"https:\/\/www.feryl.cz\/pohodove-leto-s-klimatizaci\/\" class=\"more-link\">P\u0159e\u010d\u00edst <\/a><\/div>","datePublished":"2021-06-16","dateModified":"2021-06-16","author":{"@type":"Person","@id":"https:\/\/www.feryl.cz\/author\/devene\/#Person","name":"devene","url":"https:\/\/www.feryl.cz\/author\/devene\/","identifier":1,"image":{"@type":"ImageObject","@id":"https:\/\/secure.gravatar.com\/avatar\/fb50772173929303fbe6024f179e4dd9837c71f6efc661bdb046860d442d05b5?s=96&d=mm&r=g","url":"https:\/\/secure.gravatar.com\/avatar\/fb50772173929303fbe6024f179e4dd9837c71f6efc661bdb046860d442d05b5?s=96&d=mm&r=g","height":96,"width":96}},"publisher":{"@type":"Organization","name":"feryl.cz","logo":{"@type":"ImageObject","@id":"\/logo.png","url":"\/logo.png","width":600,"height":60}},"image":{"@type":"ImageObject","@id":"https:\/\/www.feryl.cz\/wp-content\/uploads\/letn%C3%AD%20po%C4%8Das%C3%AD.jpg","url":"https:\/\/www.feryl.cz\/wp-content\/uploads\/letn%C3%AD%20po%C4%8Das%C3%AD.jpg","height":0,"width":0},"url":"https:\/\/www.feryl.cz\/pohodove-leto-s-klimatizaci\/","about":["V\u00fdrobky"],"wordCount":461,"articleBody":"        V l\u00e9t\u011b se m\u016f\u017eeme vyhnout v interi\u00e9ru vysok\u00fdm teplot\u00e1m d\u00edky klimatizaci. Jej\u00ed ceny nejsou nijak extr\u00e9mn\u00ed, tak\u017ee si ji m\u016f\u017ee dovolit po\u0159\u00eddit b\u011b\u017en\u00e1 rodina.Pohodov\u00e9 l\u00e9to s klimatizac\u00edP\u0159\u00edjemn\u00e1 teplotaLetn\u00ed obdob\u00ed je rozhodn\u011b kr\u00e1sn\u00e9, proto\u017ee d\u011bti maj\u00ed pr\u00e1zdniny a mnoho dosp\u011bl\u00fdch dovolenou, tak\u017ee si u\u017e\u00edv\u00e1me t\u0159eba rodinou dovolenou \u010di koup\u00e1n\u00ed v baz\u00e9nu s p\u0159\u00e1teli a spoustu jin\u00fdch akc\u00ed. Kr\u00e1sn\u00e9 po\u010das\u00ed spole\u010dn\u011b s touto dobou skute\u010dn\u011b p\u0159in\u00e1\u0161\u00ed mnoho pozitiv a kr\u00e1sn\u00fdch z\u00e1\u017eitk\u016f, tak\u017ee stoj\u00ed za to si je po\u0159\u00e1dn\u011b u\u017e\u00edt. Bohu\u017eel s t\u00edmto obdob\u00ed souvis\u00ed i p\u00e1r nep\u0159\u00edjemnost\u00ed jako obrovsk\u00e1 vedra, kter\u00e9 za\u017e\u00edv\u00e1me ka\u017ed\u00fdm rokem.T\u0159eba doma a v jin\u00fdch vnit\u0159n\u00edch prostorech to neb\u00fdv\u00e1 nic p\u0159\u00edjemn\u00e9ho, ov\u0161em m\u016f\u017eeme si po\u0159\u00eddit klimatizaci a potom u\u017e vysok\u00e9 teploty \u0159e\u0161it nebudeme muset. Modern\u00ed stoje za\u0159\u00edd\u00ed rychl\u00e9 sn\u00ed\u017een\u00ed teploty, tak\u017ee budeme uvnit\u0159 budovy pohodln\u011b fungovat a pracovat, s \u010d\u00edm\u017e se poj\u00ed i pozitivn\u00ed vliv na na\u0161e zdrav\u00ed. Na druhou stranu bychom nem\u011bli teplotu rapidn\u011b sni\u017eovat oproti t\u00e9 venkovn\u00ed. Za\u0159\u00edzen\u00ed m\u00e1 i sv\u00e9 filtry, tak\u017ee vstupuj\u00edc\u00ed vzduchu m\u00e1 dobrou kvalitu, co\u017e ocen\u00ed alergici a pl\u00edce ka\u017ed\u00e9ho \u010dlov\u011bka, co\u017e jen potvrzuje jej\u00ed pozitivn\u00ed vliv.Instalace dom\u016fElektronika je st\u00e1le vysp\u011blej\u0161\u00ed, co\u017e m\u00e1 pozitivn\u00ed dopad i na klimatizace, proto\u017ee je se\u017eeneme za dobrou cenu, ale u p\u0159es to maj\u00ed dobr\u00fd v\u00fdkon, tak\u017ee u\u017e to nen\u00ed tak n\u00e1kladn\u00e1 investice jako d\u0159\u00edve. Abych vybrali spr\u00e1vn\u00e9 za\u0159\u00edzen\u00ed, tak je pot\u0159eba sledovat n\u011bkolik parametr\u016f. T\u00edm nejv\u00fdznamn\u011bj\u0161\u00edm je v\u00fdkon, proto\u017ee pot\u0159ebujeme, aby za\u0159\u00edzen\u00ed ochladilo prostor o ur\u010dit\u00e9 velkosti, a proto se ur\u010duje podle velkosti dan\u00fdch m\u00edstnost\u00ed. Klimatizace Praha Elmontech se t\u011bmito za\u0159\u00edzen\u00edmi zab\u00fdv\u00e1, p\u0159i\u010dem\u017e pro z\u00e1kazn\u00edka zajist\u00ed kompletn\u00ed slu\u017eby. Za\u010d\u00edn\u00e1 to v\u00fdb\u011brem vhodn\u00e9ho za\u0159\u00edzen\u00ed, kdy spole\u010dnost m\u00e1 \u0161irok\u00fd v\u00fdb\u011br od r\u016fzn\u00fdch v\u00fdrobc\u016f. Jakmile spole\u010dn\u011b najdete vhodn\u00fd v\u00fdrobek, tak se s firmou domluv\u00edte na mont\u00e1\u017ei. Tu prov\u00e1d\u00ed odborn\u00edci, tak\u017ee v\u0161e bude namontov\u00e1no, tak jak m\u00e1 b\u00fdt. Klimatizace bude n\u00e1sledn\u011b \u0161lapat bez zav\u00e1h\u00e1n\u00ed. Spole\u010dnost se tak\u00e9 v\u011bnuje \u00fadr\u017eb\u011b a servisu, tak\u017ee zajist\u00ed chod za\u0159\u00edzen\u00ed i po z\u00e1ruce, p\u0159i\u010dem\u017e bychom nem\u011bli podce\u0148ovat ani pravidelnou \u00fadr\u017ebu.                                                                                                                                                                                                                                                                                                                                                                                           3.7\/5 - (7 votes)        "},{"@context":"https:\/\/schema.org\/","@type":"BreadcrumbList","itemListElement":[{"@type":"ListItem","position":1,"name":"Pohodov\u00e9 l\u00e9to s klimatizac\u00ed","item":"https:\/\/www.feryl.cz\/pohodove-leto-s-klimatizaci\/#breadcrumbitem"}]}]