[{"@context":"https:\/\/schema.org\/","@type":"Article","@id":"https:\/\/www.feryl.cz\/priroda-ve-vasem-dome\/#Article","mainEntityOfPage":"https:\/\/www.feryl.cz\/priroda-ve-vasem-dome\/","headline":"P\u0159\u00edroda ve va\u0161em dom\u011b","name":"P\u0159\u00edroda ve va\u0161em dom\u011b","description":"P\u0159\u00edjemn\u00e9 zahradn\u00ed posezen\u00ed Zimn\u00ed zahradyse mohou st\u00e1t vyhled\u00e1vanou \u010d\u00e1st\u00ed va\u0161eho domova. Poskytnou v\u00e1m denn\u00ed sv\u011btlo, kontakt s p\u0159\u00edrodou a v\u011bt\u0161\u00ed obytnou plochu. Jsou cenov\u011b dostupn\u00e9, m\u016f\u017eete si vybrat z hlin\u00edkov\u00e9 a platov\u00e9 varianty a poskytujeme i mont\u00e1\u017e st\u00edn\u00edc\u00edch prost\u0159edk\u016f. Pokoj pro va\u0161e rostliny Zimn\u00ed zahrady mohou b\u00fdt r\u016fzn\u011b velk\u00e9, z\u00e1le\u017e\u00ed na dispozici va\u0161eho domu a&hellip; <div class=\"readmore-wrapper\"><a href=\"https:\/\/www.feryl.cz\/priroda-ve-vasem-dome\/\" class=\"more-link\">P\u0159e\u010d\u00edst <\/a><\/div>","datePublished":"2024-11-15","dateModified":"2024-11-15","author":{"@type":"Person","@id":"https:\/\/www.feryl.cz\/author\/devene\/#Person","name":"devene","url":"https:\/\/www.feryl.cz\/author\/devene\/","identifier":1,"image":{"@type":"ImageObject","@id":"https:\/\/secure.gravatar.com\/avatar\/fb50772173929303fbe6024f179e4dd9837c71f6efc661bdb046860d442d05b5?s=96&d=mm&r=g","url":"https:\/\/secure.gravatar.com\/avatar\/fb50772173929303fbe6024f179e4dd9837c71f6efc661bdb046860d442d05b5?s=96&d=mm&r=g","height":96,"width":96}},"publisher":{"@type":"Organization","name":"feryl.cz","logo":{"@type":"ImageObject","@id":"\/logo.png","url":"\/logo.png","width":600,"height":60}},"url":"https:\/\/www.feryl.cz\/priroda-ve-vasem-dome\/","wordCount":212,"articleBody":"P\u0159\u00edjemn\u00e9 zahradn\u00ed posezen\u00edZimn\u00ed zahradyse mohou st\u00e1t vyhled\u00e1vanou \u010d\u00e1st\u00ed va\u0161eho domova. Poskytnou v\u00e1m denn\u00ed sv\u011btlo, kontakt s p\u0159\u00edrodou a v\u011bt\u0161\u00ed obytnou plochu. Jsou cenov\u011b dostupn\u00e9, m\u016f\u017eete si vybrat z hlin\u00edkov\u00e9 a platov\u00e9 varianty a poskytujeme i mont\u00e1\u017e st\u00edn\u00edc\u00edch prost\u0159edk\u016f.Pokoj pro va\u0161e rostlinyZimn\u00ed zahrady mohou b\u00fdt r\u016fzn\u011b velk\u00e9, z\u00e1le\u017e\u00ed na dispozici va\u0161eho domu a na va\u0161em v\u00fdb\u011bru. Realizace jak\u00e9koliv zimn\u00ed zahrady je pro n\u00e1s uskute\u010dniteln\u00e1. Pod\u00edvejte se na n\u00e1mi realizovan\u00e9 zahrady a p\u0159esv\u011bd\u010dte se o tom, \u017ee zahrady jsou kvalitn\u011b zpracov\u00e1ny.St\u00edn\u011bn\u00ed i automatick\u00e1 regulaceM\u016f\u017eeme v\u00e1m na p\u0159\u00e1n\u00ed instalovat st\u00ednidlo, je jen na v\u00e1s, zda si vyberete vn\u011bj\u0161\u00ed nebo vnit\u0159n\u00ed st\u00edn\u011bn\u00ed. Pokud si budete p\u0159\u00e1t instalaci modern\u00edch technologi\u00ed, nainstalujeme v\u00e1m do zahrady automatick\u00e9 ovl\u00e1d\u00e1n\u00ed oken, topen\u00ed, osv\u011btlen\u00ed a nebo i klimatizace.Zimn\u00ed zahrady nemus\u00ed slou\u017eit jen jako m\u00edsto pro p\u011bstov\u00e1n\u00ed rostlin. M\u016f\u017eete si nechat zast\u0159e\u0161it nap\u0159\u00edklad baz\u00e9n, kter\u00fd se d\u00edky zahrad\u011b stane vynikaj\u00edc\u00edm m\u00edstem pro odpo\u010dinek.                                                                                                                                                                                                                                                                                                                                                                                        4.5\/5 - (2 votes)        "},{"@context":"https:\/\/schema.org\/","@type":"BreadcrumbList","itemListElement":[{"@type":"ListItem","position":1,"name":"P\u0159\u00edroda ve va\u0161em dom\u011b","item":"https:\/\/www.feryl.cz\/priroda-ve-vasem-dome\/#breadcrumbitem"}]}]