[{"@context":"https:\/\/schema.org\/","@type":"Article","@id":"https:\/\/www.feryl.cz\/pro-pohodu-a-relaxaci\/#Article","mainEntityOfPage":"https:\/\/www.feryl.cz\/pro-pohodu-a-relaxaci\/","headline":"Pro pohodu a relaxaci","name":"Pro pohodu a relaxaci","description":"Pokud i vy m\u00e1te n\u00e1ro\u010dnou pr\u00e1ci, ze kter\u00e9 ka\u017ed\u00fd ve\u010der p\u0159ijdete opravdu vy\u0159\u00edzen\u00ed a naprosto unaven\u00ed, tak nezapome\u0148te na spr\u00e1vnou d\u00e1vku odpo\u010dinku a opravdu skv\u011bl\u00e9 relaxace. \u017de nem\u00e1te \u010das chodit do relaxa\u010dn\u00edch center a doma v\u00e1s to nebav\u00ed? To p\u0159eci v\u016fbec nevad\u00ed, je tu skv\u011bl\u00e1 mo\u017enost pro ka\u017ed\u00e9ho, kter\u00fd si chce u\u017e\u00edvat odpo\u010dinku naprosto kdykoliv.&hellip; <div class=\"readmore-wrapper\"><a href=\"https:\/\/www.feryl.cz\/pro-pohodu-a-relaxaci\/\" class=\"more-link\">P\u0159e\u010d\u00edst <\/a><\/div>","datePublished":"2024-04-12","dateModified":"2024-04-12","author":{"@type":"Person","@id":"https:\/\/www.feryl.cz\/author\/devene\/#Person","name":"devene","url":"https:\/\/www.feryl.cz\/author\/devene\/","identifier":1,"image":{"@type":"ImageObject","@id":"https:\/\/secure.gravatar.com\/avatar\/fb50772173929303fbe6024f179e4dd9837c71f6efc661bdb046860d442d05b5?s=96&d=mm&r=g","url":"https:\/\/secure.gravatar.com\/avatar\/fb50772173929303fbe6024f179e4dd9837c71f6efc661bdb046860d442d05b5?s=96&d=mm&r=g","height":96,"width":96}},"publisher":{"@type":"Organization","name":"feryl.cz","logo":{"@type":"ImageObject","@id":"\/logo.png","url":"\/logo.png","width":600,"height":60}},"url":"https:\/\/www.feryl.cz\/pro-pohodu-a-relaxaci\/","wordCount":238,"articleBody":"Pokud i vy m\u00e1te n\u00e1ro\u010dnou pr\u00e1ci, ze kter\u00e9 ka\u017ed\u00fd ve\u010der p\u0159ijdete opravdu vy\u0159\u00edzen\u00ed a naprosto unaven\u00ed, tak nezapome\u0148te na spr\u00e1vnou d\u00e1vku odpo\u010dinku a opravdu skv\u011bl\u00e9 relaxace. \u017de nem\u00e1te \u010das chodit do relaxa\u010dn\u00edch center a doma v\u00e1s to nebav\u00ed? To p\u0159eci v\u016fbec nevad\u00ed, je tu skv\u011bl\u00e1 mo\u017enost pro ka\u017ed\u00e9ho, kter\u00fd si chce u\u017e\u00edvat odpo\u010dinku naprosto kdykoliv. V\u00ed\u0159ivky prodej jsou opravdu b\u00e1je\u010dn\u00e9, m\u016f\u017eete m\u00edt jistotu, \u017ee s nimi budete opravdu spokojen\u00ed a \u017ee budete nad\u0161en, jak b\u00e1je\u010dn\u011b se v\u00e1m v t\u011bchto mas\u00e1\u017en\u00edch van\u00e1ch odpo\u010d\u00edv\u00e1. Je to jednoduch\u00e9 a dostupn\u00e9, sta\u010d\u00ed pouze na\u0161et\u0159it a n\u00e1sledn\u011b investovat. Jedn\u00e1 se ale o investici do zdrav\u00ed a do du\u0161evn\u00ed pohody, a to p\u0159eci stoj\u00ed za to.Kvalita na prvn\u00edm m\u00edst\u011bJe d\u016fle\u017eit\u00e9, aby v\u00ed\u0159ivka, kterou si chcete po\u0159\u00eddit, byla opravdu kvalitn\u00ed a st\u00e1la za to. Pokud chcete m\u00edt jistotu, \u017ee nakupujte opravdu v\u00fdhodn\u011b, tak nev\u00e1hejte nakupovat v prov\u011b\u0159en\u00fdch obchodech, se kter\u00fdmi m\u016f\u017eete m\u00edt jistotu. Kvalita je d\u016fle\u017eit\u00e1, proto\u017ee tato velik\u00e1 mas\u00e1\u017en\u00ed vana mus\u00ed pracovat spolehliv\u011b a opravdu precizn\u011b, nen\u00ed tedy mo\u017en\u00e9 n\u011bjak\u00e9 chybi\u010dky odpou\u0161t\u011bt.                                                                                                                                                                                                                                                                                                                                                                                        4.3\/5 - (7 votes)        "},{"@context":"https:\/\/schema.org\/","@type":"BreadcrumbList","itemListElement":[{"@type":"ListItem","position":1,"name":"Pro pohodu a relaxaci","item":"https:\/\/www.feryl.cz\/pro-pohodu-a-relaxaci\/#breadcrumbitem"}]}]