[{"@context":"https:\/\/schema.org\/","@type":"Article","@id":"https:\/\/www.feryl.cz\/smutny-pohled-za-mrizi\/#Article","mainEntityOfPage":"https:\/\/www.feryl.cz\/smutny-pohled-za-mrizi\/","headline":"Smutn\u00fd pohled za m\u0159\u00ed\u017e\u00ed","name":"Smutn\u00fd pohled za m\u0159\u00ed\u017e\u00ed","description":"Provoz zv\u00ed\u0159ec\u00edho \u00fatulku ur\u010dit\u011b nen\u00ed jednoduchou z\u00e1le\u017eitost\u00ed. Je to nav\u00edc velice smutn\u00e9 povol\u00e1n\u00ed. \u010clov\u011bk si ocho\u010dil kdysi d\u00e1vno zv\u00ed\u0159e, p\u0159izp\u016fsobil ho sv\u00e9mu \u017eivotu tak, \u017ee u\u017e se bez \u010dlov\u011bka neobejde a pak ho s klidn\u00fdm sv\u011bdom\u00edm opust\u00ed. Pochopiteln\u011b, \u017ee nejsou v\u0161echna zv\u00ed\u0159ata v \u00fatulc\u00edch pouze proto, \u017ee je n\u011bkdo prost\u011b vyhodil z domova, proto\u017ee je&hellip; <div class=\"readmore-wrapper\"><a href=\"https:\/\/www.feryl.cz\/smutny-pohled-za-mrizi\/\" class=\"more-link\">P\u0159e\u010d\u00edst <\/a><\/div>","datePublished":"2025-02-28","dateModified":"2023-05-02","author":{"@type":"Person","@id":"https:\/\/www.feryl.cz\/author\/devene\/#Person","name":"devene","url":"https:\/\/www.feryl.cz\/author\/devene\/","identifier":1,"image":{"@type":"ImageObject","@id":"https:\/\/secure.gravatar.com\/avatar\/fb50772173929303fbe6024f179e4dd9837c71f6efc661bdb046860d442d05b5?s=96&d=mm&r=g","url":"https:\/\/secure.gravatar.com\/avatar\/fb50772173929303fbe6024f179e4dd9837c71f6efc661bdb046860d442d05b5?s=96&d=mm&r=g","height":96,"width":96}},"publisher":{"@type":"Organization","name":"feryl.cz","logo":{"@type":"ImageObject","@id":"\/logo.png","url":"\/logo.png","width":600,"height":60}},"image":{"@type":"ImageObject","@id":"https:\/\/www.feryl.cz\/wp-content\/uploads\/img_a312138_w1959_t1523175592.jpg","url":"https:\/\/www.feryl.cz\/wp-content\/uploads\/img_a312138_w1959_t1523175592.jpg","height":0,"width":0},"url":"https:\/\/www.feryl.cz\/smutny-pohled-za-mrizi\/","wordCount":411,"articleBody":"Provoz zv\u00ed\u0159ec\u00edho \u00fatulku ur\u010dit\u011b nen\u00ed jednoduchou z\u00e1le\u017eitost\u00ed. Je to nav\u00edc velice smutn\u00e9 povol\u00e1n\u00ed. \u010clov\u011bk si ocho\u010dil kdysi d\u00e1vno zv\u00ed\u0159e, p\u0159izp\u016fsobil ho sv\u00e9mu \u017eivotu tak, \u017ee u\u017e se bez \u010dlov\u011bka neobejde a pak ho s klidn\u00fdm sv\u011bdom\u00edm opust\u00ed. Pochopiteln\u011b, \u017ee nejsou v\u0161echna zv\u00ed\u0159ata v \u00fatulc\u00edch pouze proto, \u017ee je n\u011bkdo prost\u011b vyhodil z domova, proto\u017ee je zv\u00ed\u0159e p\u0159estalo bavit. Jsou tu i takov\u00ed chlup\u00e1\u010di, kte\u0159\u00ed o sv\u00e9ho p\u00e1n\u00ed\u010dka p\u0159i\u0161li. T\u0159eba z d\u016fvod\u016f \u00famrt\u00ed nebo t\u011b\u017ek\u00e9ho onemocn\u011bn\u00ed a dlouhodob\u00e9 hospitalizace v nemocnici.\u00a0\u00a0 Jedn\u00edm z m\u00edst, kde poskytuj\u00ed azyl opu\u0161t\u011bn\u00fdm zv\u00ed\u0159at\u016fm, je i \u00datulek pro opu\u0161t\u011bn\u00e1 zv\u00ed\u0159ata v pra\u017esk\u00e9 Troji. Za jeden rok se tu vyst\u0159\u00edd\u00e1 a\u017e t\u0159i tis\u00edce ps\u016f a ko\u010dek. Tento \u00fatulek spolupracuje s polici\u00ed, hasi\u010di, a dokonce i arm\u00e1dou.&#8211;\u00a0\u00a0\u00a0\u00a0\u00a0\u00a0\u00a0\u00a0 Kdy\u017e se zv\u00ed\u0159e odchyt\u00ed, dostane se do p\u00e9\u010de veterin\u00e1\u0159e.&#8211;\u00a0\u00a0\u00a0\u00a0\u00a0\u00a0\u00a0\u00a0 Ten zjist\u00ed, jestli zv\u00ed\u0159e netrp\u00ed n\u011bjakou chorobou.&#8211;\u00a0\u00a0\u00a0\u00a0\u00a0\u00a0\u00a0\u00a0 Pak se za\u010dne hledat majitel.Je docela povzbudiv\u00e9, \u017ee p\u0159es \u0161edes\u00e1t procent zv\u00ed\u0159at se vrac\u00ed do sv\u00e9ho domova.Prost\u011b se jen vydali \u0161patnou cestou a zabloudili.\tPot\u0159ebuj\u00ed domovV \u00fatulku je provozn\u00ed doba \u010dty\u0159iadvacetihodinov\u00e1. B\u011b\u017en\u011b se st\u00e1v\u00e1, \u017ee n\u011bkdo p\u0159iveze nalezen\u00e9 zv\u00ed\u0159\u00e1tko t\u0159eba o p\u016flnoci. N\u011bkter\u00e1 zv\u00ed\u0159\u00e1tka jsou tu jen chvilku, ale n\u011bkter\u00e1 tu str\u00e1v\u00ed zbytek sv\u00e9ho \u017eivota. To jsou asi ty nejsmutn\u011bj\u0161\u00ed p\u0159\u00edpady. Pokud byste \u00fatulek (jak\u00fdkoliv, nejen ten v Troji) nav\u0161t\u00edvili, ur\u010dit\u011b by v\u00e1s ty pohledy vzaly za srdce. Zvl\u00e1\u0161t\u011b u ps\u016f.\u00b7\u00a0\u00a0\u00a0\u00a0\u00a0\u00a0\u00a0 N\u011bkte\u0159\u00ed sk\u00e1\u010dou jako posedl\u00ed.\u00b7\u00a0\u00a0\u00a0\u00a0\u00a0\u00a0\u00a0 N\u011bkte\u0159\u00ed se t\u0159esou v\u00a0koutku.\u00b7\u00a0\u00a0\u00a0\u00a0\u00a0\u00a0\u00a0\u00a0 Ale v\u011bt\u0161inou stoj\u00ed, op\u0159eni o m\u0159\u00ed\u017ee a jejich o\u010di mluv\u00ed za n\u011b.V \u00fatulku se sice nemaj\u00ed \u0161patn\u011b, proto\u017ee lid\u00e9, kte\u0159\u00ed se o n\u011b staraj\u00ed, maj\u00ed ke zv\u00ed\u0159at\u016fm kladn\u00fd vztah. Dost\u00e1vaj\u00ed potravu, o\u0161et\u0159ovatel\u00e9 s nimi chod\u00ed na proch\u00e1zku a ur\u010dit\u011b se jim v\u011bnuj\u00ed, jak jen je v\u00a0jejich sil\u00e1ch. Jen\u017ee tahle sme\u010dka je pro n\u011b p\u0159\u00edli\u0161 velik\u00e1. Jim by docela sta\u010dilo l\u00e1skypln\u00e9 pohlazen\u00ed od jednoho \u010dlov\u011bka, kter\u00fd by byl jen jejich.                                                                                                                                                                                                                                                                                                                                                                                        4\/5 - (6 votes)        "},{"@context":"https:\/\/schema.org\/","@type":"BreadcrumbList","itemListElement":[{"@type":"ListItem","position":1,"name":"Smutn\u00fd pohled za m\u0159\u00ed\u017e\u00ed","item":"https:\/\/www.feryl.cz\/smutny-pohled-za-mrizi\/#breadcrumbitem"}]}]