[{"@context":"https:\/\/schema.org\/","@type":"Article","@id":"https:\/\/www.feryl.cz\/specialisty-na-retezova-kola-si-oblibite-i-vy\/#Article","mainEntityOfPage":"https:\/\/www.feryl.cz\/specialisty-na-retezova-kola-si-oblibite-i-vy\/","headline":"Specialisty na \u0159et\u011bzov\u00e1 kola si obl\u00edb\u00edte i vy","name":"Specialisty na \u0159et\u011bzov\u00e1 kola si obl\u00edb\u00edte i vy","description":"Pot\u0159ebujete i vy aby p\u0159evody ve va\u0161ich stroj\u00edch ve firm\u011b byly perfektn\u011b funk\u010dn\u00ed a byly naprosto v\u00a0po\u0159\u00e1dku? Pokud je tomu v\u0161emu tak, je pro v\u00e1s spr\u00e1vn\u00fdm \u0159e\u0161en\u00edm to, naj\u00edt n\u011bkoho, kdo v\u00e1m s\u00a0t\u00edmto v\u0161\u00edm pom\u016f\u017ee. Je d\u016fle\u017eit\u00e9, aby byly v\u0161echny komponenty kvalitn\u00ed a abyste se nemuseli b\u00fdt, \u017ee byste s\u00a0nimi m\u011bli probl\u00e9my a pot\u00ed\u017ee. Proto&hellip; <div class=\"readmore-wrapper\"><a href=\"https:\/\/www.feryl.cz\/specialisty-na-retezova-kola-si-oblibite-i-vy\/\" class=\"more-link\">P\u0159e\u010d\u00edst <\/a><\/div>","datePublished":"2024-11-02","dateModified":"2024-11-02","author":{"@type":"Person","@id":"https:\/\/www.feryl.cz\/author\/devene\/#Person","name":"devene","url":"https:\/\/www.feryl.cz\/author\/devene\/","identifier":1,"image":{"@type":"ImageObject","@id":"https:\/\/secure.gravatar.com\/avatar\/fb50772173929303fbe6024f179e4dd9837c71f6efc661bdb046860d442d05b5?s=96&d=mm&r=g","url":"https:\/\/secure.gravatar.com\/avatar\/fb50772173929303fbe6024f179e4dd9837c71f6efc661bdb046860d442d05b5?s=96&d=mm&r=g","height":96,"width":96}},"publisher":{"@type":"Organization","name":"feryl.cz","logo":{"@type":"ImageObject","@id":"\/logo.png","url":"\/logo.png","width":600,"height":60}},"url":"https:\/\/www.feryl.cz\/specialisty-na-retezova-kola-si-oblibite-i-vy\/","wordCount":252,"articleBody":"\tPot\u0159ebujete i vy aby p\u0159evody ve va\u0161ich stroj\u00edch ve firm\u011b byly perfektn\u011b funk\u010dn\u00ed a byly naprosto v\u00a0po\u0159\u00e1dku? Pokud je tomu v\u0161emu tak, je pro v\u00e1s spr\u00e1vn\u00fdm \u0159e\u0161en\u00edm to, naj\u00edt n\u011bkoho, kdo v\u00e1m s\u00a0t\u00edmto v\u0161\u00edm pom\u016f\u017ee. Je d\u016fle\u017eit\u00e9, aby byly v\u0161echny komponenty kvalitn\u00ed a abyste se nemuseli b\u00fdt, \u017ee byste s\u00a0nimi m\u011bli probl\u00e9my a pot\u00ed\u017ee. Proto je pro v\u00e1s spr\u00e1vnou v\u011bc\u00ed, naj\u00edt n\u011bkoho, kdo je specialistou a kdo v\u00e1m pom\u016f\u017ee se v\u0161\u00edm, s\u00a0\u010d\u00edm pot\u0159ebujete. Jednou z\u00a0v\u011bc\u00ed, kter\u00e9 by m\u011bly v\u017edy fungovat a m\u011bly by b\u00fdt v\u00a0po\u0159\u00e1dku, jsou \u0159et\u011bzov\u00e1 kola. Jde o to, aby byla z\u00a0kvalitn\u00edch materi\u00e1l\u016f a aby byla jejich odolnost co mo\u017en\u00e1 nejvy\u0161\u0161\u00ed. I proto se v\u00e1m ve v\u0161em vyplat\u00ed na sto procent.\tNebojte se, \u017ee byste nena\u0161li spr\u00e1vn\u00fd modelDnes se doopravdy m\u016f\u017eete spolehnout na to, \u017ee najdete ten model, kter\u00fd velmi dob\u0159e funguje a se kter\u00fdm nebudete m\u00edt probl\u00e9my. Jsou vyr\u00e1b\u011bny ve v\u0161ech velikostech a typech a d\u00edky tomu s\u00a0nimi nebudete m\u00edt jist\u011b ani vy \u017e\u00e1dn\u00e9 probl\u00e9my. Jednodu\u0161e se o tomto v\u0161em p\u0159esv\u011bd\u010dte a po\u0159i\u010fte si je. Garantujeme, \u017ee to bude spr\u00e1vn\u00e1 volba.\u00a0                                                                                                                                                                                                                                                                                                                                                                                        4.7\/5 - (4 votes)        "},{"@context":"https:\/\/schema.org\/","@type":"BreadcrumbList","itemListElement":[{"@type":"ListItem","position":1,"name":"Specialisty na \u0159et\u011bzov\u00e1 kola si obl\u00edb\u00edte i vy","item":"https:\/\/www.feryl.cz\/specialisty-na-retezova-kola-si-oblibite-i-vy\/#breadcrumbitem"}]}]