[{"@context":"https:\/\/schema.org\/","@type":"Article","@id":"https:\/\/www.feryl.cz\/sprcha-na-zahradu\/#Article","mainEntityOfPage":"https:\/\/www.feryl.cz\/sprcha-na-zahradu\/","headline":"Sprcha na zahradu","name":"Sprcha na zahradu","description":"Sol\u00e1rn\u00ed zahradn\u00ed sprcha je v\u00e1\u017en\u011b skv\u011bl\u00e1 v\u011bc, a to z mnoha d\u016fvodu. Tak zaprv\u00e9 hodn\u011b \u0161et\u0159\u00ed m\u00edsto na na\u0161\u00ed zahrad\u011b. Mus\u00edm \u0159\u00edct, \u017ee jsem si nikdy nemyslela, \u017ee doma na zahrad\u011b n\u011bjakou zahradn\u00ed sol\u00e1rn\u00ed sprchu m\u00edt budu. V\u017edycky jsem to pova\u017eovala za zbyte\u010dn\u00e9 a taky to pro m\u011b bylo \u0161koda pen\u011bz. V\u00edte, v\u017edycky jsem si&hellip; <div class=\"readmore-wrapper\"><a href=\"https:\/\/www.feryl.cz\/sprcha-na-zahradu\/\" class=\"more-link\">P\u0159e\u010d\u00edst <\/a><\/div>","datePublished":"2022-04-10","dateModified":"2024-07-04","author":{"@type":"Person","@id":"https:\/\/www.feryl.cz\/author\/devene\/#Person","name":"devene","url":"https:\/\/www.feryl.cz\/author\/devene\/","identifier":1,"image":{"@type":"ImageObject","@id":"https:\/\/secure.gravatar.com\/avatar\/fb50772173929303fbe6024f179e4dd9837c71f6efc661bdb046860d442d05b5?s=96&d=mm&r=g","url":"https:\/\/secure.gravatar.com\/avatar\/fb50772173929303fbe6024f179e4dd9837c71f6efc661bdb046860d442d05b5?s=96&d=mm&r=g","height":96,"width":96}},"publisher":{"@type":"Organization","name":"feryl.cz","logo":{"@type":"ImageObject","@id":"\/logo.png","url":"\/logo.png","width":600,"height":60}},"image":{"@type":"ImageObject","@id":"https:\/\/www.feryl.cz\/wp-content\/uploads\/garden-hose-6302165_640_1.jpg","url":"https:\/\/www.feryl.cz\/wp-content\/uploads\/garden-hose-6302165_640_1.jpg","height":0,"width":0},"url":"https:\/\/www.feryl.cz\/sprcha-na-zahradu\/","about":["V\u00fdrobky"],"wordCount":454,"articleBody":"       Sol\u00e1rn\u00ed zahradn\u00ed sprcha je v\u00e1\u017en\u011b skv\u011bl\u00e1 v\u011bc, a to z mnoha d\u016fvodu. Tak zaprv\u00e9 hodn\u011b \u0161et\u0159\u00ed m\u00edsto na na\u0161\u00ed zahrad\u011b. Mus\u00edm \u0159\u00edct, \u017ee jsem si nikdy nemyslela, \u017ee doma na zahrad\u011b n\u011bjakou zahradn\u00ed sol\u00e1rn\u00ed sprchu m\u00edt budu. V\u017edycky jsem to pova\u017eovala za zbyte\u010dn\u00e9 a taky to pro m\u011b bylo \u0161koda pen\u011bz. V\u00edte, v\u017edycky jsem si \u0159ekla, \u017ee si rad\u011bji za pen\u00edze koup\u00edm n\u011bco jin\u00e9ho ne\u017e sol\u00e1rn\u00ed zahradn\u00ed sprchu. Ale m\u016fj man\u017eel ji st\u00e1le cht\u011bl. Tak jsem si oba sedli na \u017eidli a ka\u017ed\u00fd jsme si na pap\u00edr sepisovali pro a proti. A mus\u00edm \u0159\u00edct, \u017ee man\u017eel m\u011b t\u011bmi sv\u00fdmi pro do cela dostal. Bylo to docela v\u00fdhodn\u011b. Sice se mi nel\u00edbila cena, ale nakonec jsem s man\u017eelem musela souhlasit. A v\u00edte, co se mi nejv\u00edc l\u00edbilo? Kdy\u017e man\u017eel popsal, \u017ee na n\u011bjak\u00e9 na\u0161\u00ed zahradn\u00ed party bude sprcha fajn. Pr\u00fd se tam ka\u017ed\u00fd m\u016f\u017ee zchladit a \u017ee taky sol\u00e1rn\u00ed zahradn\u00ed sprcha se bude jist\u011b l\u00edbit na\u0161im d\u011btem. Tak s t\u00edm jsem si byla naprosto jist\u00e1. Na\u0161e d\u011bti miluj\u00ed vodu, a\u0165 je jak\u00e1koliv. A tady se to d\u011btem bude jist\u011b moc l\u00edbit a je mi jasn\u00e9, \u017ee pod sol\u00e1rn\u00ed zahradn\u00ed sprchou budou v l\u00e9t\u011b asi nonstop.Ale m\u011b to nevad\u00ed, budu sp\u00ed\u0161e r\u00e1da, \u017ee na\u0161e d\u011bti nebudou sed\u011bt u televize nebo mobilu a rad\u011bji se budou cachtat v sol\u00e1rn\u00ed zahradn\u00ed spr\u0161e. Nav\u00edc to m\u016f\u017ee b\u00fdt dost fajn a i v\u00fdhodn\u00e9. T\u0159eba i pro m\u011b, co se moc r\u00e1da opaluji, tak\u017ee nebudu muset b\u011bhat dom\u016f se zchladit a osv\u011b\u017eit po sprchu doma. Tady vlastn\u011b zalezu pod sol\u00e1rn\u00ed zahradn\u00ed sprchu a bude to fajn. Nav\u00edc jsem zjistila, \u017ee se to vlastn\u011b i skv\u011ble vypad\u00e1, je to p\u011bkn\u00e1 zahradn\u00ed dekorace. Tak\u017ee man\u017eelovi jsem musela d\u00e1t za pravdu. A od t\u00e9 doby, co m\u00e1me sol\u00e1rn\u00ed zahradn\u00ed sprchu, tak jsem velmi nad\u0161en\u00e1, proto\u017ee se v\u00e1\u017en\u011b vyplat\u00ed. Je i sranda. D\u011bti sis n\u00ed velmi u\u017eij\u00ed a j\u00e1 se m\u016f\u017eu kdykoliv ochladit. Moc m\u011b to bav\u00ed a jsem nad\u0161en\u00e1, \u017ee jsem pen\u00edze do sol\u00e1rn\u00ed zahradn\u00ed sprchy investovala. A pokud nad t\u00edm taky uva\u017eujete, tak nev\u00e1hejte a po\u0159i\u010fte si ji. Podle m\u00e9ho n\u00e1zoru je sol\u00e1rn\u00ed sprcha v\u00edce ekologick\u00e1 ne\u017e t\u0159eba venkovn\u00ed baz\u00e9n.                                                                                                                                                                                                                                                                                                                                                                                           4.6\/5 - (8 votes)        "},{"@context":"https:\/\/schema.org\/","@type":"BreadcrumbList","itemListElement":[{"@type":"ListItem","position":1,"name":"Sprcha na zahradu","item":"https:\/\/www.feryl.cz\/sprcha-na-zahradu\/#breadcrumbitem"}]}]