[{"@context":"https:\/\/schema.org\/","@type":"Article","@id":"https:\/\/www.feryl.cz\/uhelna-bublina-by-mohla-vyvolat-globalni-financni-krizi\/#Article","mainEntityOfPage":"https:\/\/www.feryl.cz\/uhelna-bublina-by-mohla-vyvolat-globalni-financni-krizi\/","headline":"Uheln\u00e1 bublina by mohla vyvolat glob\u00e1ln\u00ed finan\u010dn\u00ed krizi","name":"Uheln\u00e1 bublina by mohla vyvolat glob\u00e1ln\u00ed finan\u010dn\u00ed krizi","description":"N\u00e1hl\u00fd pokles popt\u00e1vky po fosiln\u00edch palivech p\u0159ed rokem 2035 je podle studie pravd\u011bpodobn\u00fd vzhledem k sou\u010dasn\u00fdm glob\u00e1ln\u00edm investic\u00edm a ekonomick\u00fdm v\u00fdhod\u00e1m p\u0159echodu na n\u00edzk\u00e9 emise uhl\u00edku. S existenc\u00ed takzvan\u00e9 uheln\u00e9 bubliny, tedy aktiv ve fosiln\u00edch palivech, kter\u00e1 jsou v sou\u010dasn\u00e9 dob\u011b nadhodnocena, proto\u017ee ve st\u0159edn\u011bdob\u00e9m a dlouhodob\u00e9m horizontu bude muset sv\u011bt drasticky sn\u00ed\u017eit emise sklen\u00edkov\u00fdch&hellip; <div class=\"readmore-wrapper\"><a href=\"https:\/\/www.feryl.cz\/uhelna-bublina-by-mohla-vyvolat-globalni-financni-krizi\/\" class=\"more-link\">P\u0159e\u010d\u00edst <\/a><\/div>","datePublished":"2025-03-02","dateModified":"2023-05-02","author":{"@type":"Person","@id":"https:\/\/www.feryl.cz\/author\/devene\/#Person","name":"devene","url":"https:\/\/www.feryl.cz\/author\/devene\/","identifier":1,"image":{"@type":"ImageObject","@id":"https:\/\/secure.gravatar.com\/avatar\/fb50772173929303fbe6024f179e4dd9837c71f6efc661bdb046860d442d05b5?s=96&d=mm&r=g","url":"https:\/\/secure.gravatar.com\/avatar\/fb50772173929303fbe6024f179e4dd9837c71f6efc661bdb046860d442d05b5?s=96&d=mm&r=g","height":96,"width":96}},"publisher":{"@type":"Organization","name":"feryl.cz","logo":{"@type":"ImageObject","@id":"\/logo.png","url":"\/logo.png","width":600,"height":60}},"image":{"@type":"ImageObject","@id":"https:\/\/www.feryl.cz\/wp-content\/uploads\/img_a317723_w2573_t1528533927.jpg","url":"https:\/\/www.feryl.cz\/wp-content\/uploads\/img_a317723_w2573_t1528533927.jpg","height":0,"width":0},"url":"https:\/\/www.feryl.cz\/uhelna-bublina-by-mohla-vyvolat-globalni-financni-krizi\/","wordCount":419,"articleBody":"\tN\u00e1hl\u00fd pokles popt\u00e1vky po fosiln\u00edch palivech p\u0159ed rokem 2035 je podle studie pravd\u011bpodobn\u00fd vzhledem k sou\u010dasn\u00fdm glob\u00e1ln\u00edm investic\u00edm a ekonomick\u00fdm v\u00fdhod\u00e1m p\u0159echodu na n\u00edzk\u00e9 emise uhl\u00edku. S existenc\u00ed takzvan\u00e9 uheln\u00e9 bubliny, tedy aktiv ve fosiln\u00edch palivech, kter\u00e1 jsou v sou\u010dasn\u00e9 dob\u011b nadhodnocena, proto\u017ee ve st\u0159edn\u011bdob\u00e9m a dlouhodob\u00e9m horizontu bude muset sv\u011bt drasticky sn\u00ed\u017eit emise sklen\u00edkov\u00fdch plyn\u016f, p\u0159i\u0161li ji\u017e p\u0159ed dlouhou dobou akademici, aktivist\u00e9 i investo\u0159i. Nov\u00e1 studie, zve\u0159ejn\u011bn\u00e1 v pond\u011bl\u00ed v \u010dasopise Nature Climate Change, ukazuje, \u017ee prudk\u00fd pokles hodnoty fosiln\u00edch paliv by zp\u016fsobil prasknut\u00ed t\u00e9to bubliny s t\u00edm, \u017ee takov\u00fd propad bude pravd\u011bpodobn\u011b je\u0161t\u011b p\u0159ed rokem 2035 spo\u010d\u00edvat na sou\u010dasn\u00e9m postupu vyu\u017eit\u00ed energie.\tV\u00fdznamn\u00fdm zji\u0161t\u011bn\u00edm je, \u017ee rychl\u00fd pokles popt\u00e1vky po fosiln\u00edch palivech ji\u017e nez\u00e1vis\u00ed na politick\u00fdch kroc\u00edch a \u010dinnostech vl\u00e1d po cel\u00e9m sv\u011bt\u011b. Nam\u00edsto toho se na z\u00e1klad\u011b podrobn\u00fdch simulac\u00ed autor\u016f zjistilo, \u017ee k poklesu popt\u00e1vky by do\u0161lo, i kdyby sv\u011btov\u00e9 mocnosti nepodnikly \u017e\u00e1dn\u00e9 nov\u00e9 politiky v oblasti klimatu, nebo pokud by zm\u011bnily n\u011bkter\u00e9 sv\u00e9 p\u0159edchoz\u00ed z\u00e1vazky. Je tomu tak proto, \u017ee technick\u00fd pokrok, podporuj\u00edc\u00ed energetickou efektivitu, obnovitelnou energii a doprov\u00e1zen\u00fd poklesem jej\u00ed ceny zp\u016fsobil, \u017ee n\u00edzkouhl\u00edkov\u00e1 energie je mnohem ekonomicky i technicky atraktivn\u011bj\u0161\u00ed. Doktor Jean-Fran\u00e7ois Mercure, hlavn\u00ed autor z univerzit v Radboud a Cambridge, den\u00edku Guardian \u0159ekl: &#8222;Ji\u017e je tomu tak. Sledovali jsme p\u0159\u00edslu\u0161n\u00e1 data a u\u010dinili z\u00e1v\u011bry. P\u0159i vy\u0161\u0161\u00ed aktivit\u011b jednotliv\u00fdch vl\u00e1d by k tomu do\u0161lo rychleji. Ale do\u0161lo k tomu i bez p\u0159\u00edslu\u0161n\u00fdch klimatick\u00fdch politik. Do jist\u00e9 m\u00edry se d\u00e1 \u0159\u00edci, \u017ee se tento proces ji\u017e ned\u00e1 zastavit. Pokud ov\u0161em lid\u00e9 p\u0159estanou vkl\u00e1dat sv\u00e9 finan\u010dn\u00ed prost\u0159edky do fosiln\u00edch paliv, mohou tak sv\u00e9 ztr\u00e1ty omezit.&#8220;\tOdklonem od uhl\u00ed by podniky a investo\u0159i mohli vyu\u017e\u00edt sou\u010dasn\u00e9 zm\u011bny trendu, sp\u00ed\u0161e ne\u017e aby proti n\u011bmu bojovali. Mercure uvedl, \u017ee spole\u010dnosti orientovan\u00e9 na fosiln\u00ed paliva budou pravd\u011bpodobn\u011b mezi sebou soupe\u0159it o zb\u00fdvaj\u00edc\u00ed m\u00edsta na trhu, ne\u017e aby m\u011bly siln\u00fd vliv v obchodov\u00e1n\u00ed s obnoviteln\u00fdmi zdroji energie.\u00a0                                                                                                                                                                                                                                                                                                                                                                                        3.9\/5 - (9 votes)        "},{"@context":"https:\/\/schema.org\/","@type":"BreadcrumbList","itemListElement":[{"@type":"ListItem","position":1,"name":"Uheln\u00e1 bublina by mohla vyvolat glob\u00e1ln\u00ed finan\u010dn\u00ed krizi","item":"https:\/\/www.feryl.cz\/uhelna-bublina-by-mohla-vyvolat-globalni-financni-krizi\/#breadcrumbitem"}]}]