[{"@context":"https:\/\/schema.org\/","@type":"Article","@id":"https:\/\/www.feryl.cz\/varila-mysicka-kasickuv-nove-kuchyni\/#Article","mainEntityOfPage":"https:\/\/www.feryl.cz\/varila-mysicka-kasickuv-nove-kuchyni\/","headline":"Va\u0159ila my\u0161i\u010dka ka\u0161i\u010dku\u2026v nov\u00e9 kuchyni","name":"Va\u0159ila my\u0161i\u010dka ka\u0161i\u010dku\u2026v nov\u00e9 kuchyni","description":"Trendy roku 2020 p\u0159edstavuj\u00ed v\u00fdrazn\u00e9 zm\u011bny jak v\u00a0materi\u00e1lech, tak i v\u00a0barv\u00e1ch. Nerez u\u017e ne Obm\u011bna materi\u00e1l\u016f p\u0159ich\u00e1z\u00ed hlavn\u011b v\u00a0proveden\u00ed dopl\u0148k\u016f. U\u017e i v\u00a0tomto roce si ne\u0161lo nev\u0161inout n\u00e1znak\u016f \u00fastupu pr\u00e1v\u011b nerezu. Nerezov\u00e9 d\u0159ezy a dopl\u0148ky jsou nahrazov\u00e1ny mosaznou, m\u011bd\u011bnou a zlatou variantou. Mat vytla\u010dil lesk. Design v\u00a0tak popul\u00e1rn\u00edm vysok\u00e9m lesku je out. Kombinace sk\u0159\u00edn\u011bk bez&hellip; <div class=\"readmore-wrapper\"><a href=\"https:\/\/www.feryl.cz\/varila-mysicka-kasickuv-nove-kuchyni\/\" class=\"more-link\">P\u0159e\u010d\u00edst <\/a><\/div>","datePublished":"2019-11-15","dateModified":"2023-05-02","author":{"@type":"Person","@id":"https:\/\/www.feryl.cz\/author\/devene\/#Person","name":"devene","url":"https:\/\/www.feryl.cz\/author\/devene\/","identifier":1,"image":{"@type":"ImageObject","@id":"https:\/\/secure.gravatar.com\/avatar\/fb50772173929303fbe6024f179e4dd9837c71f6efc661bdb046860d442d05b5?s=96&d=mm&r=g","url":"https:\/\/secure.gravatar.com\/avatar\/fb50772173929303fbe6024f179e4dd9837c71f6efc661bdb046860d442d05b5?s=96&d=mm&r=g","height":96,"width":96}},"publisher":{"@type":"Organization","name":"feryl.cz","logo":{"@type":"ImageObject","@id":"\/logo.png","url":"\/logo.png","width":600,"height":60}},"image":{"@type":"ImageObject","@id":"https:\/\/www.feryl.cz\/wp-content\/uploads\/img_a360949_w2984_t1574513201.jpg","url":"https:\/\/www.feryl.cz\/wp-content\/uploads\/img_a360949_w2984_t1574513201.jpg","height":0,"width":0},"url":"https:\/\/www.feryl.cz\/varila-mysicka-kasickuv-nove-kuchyni\/","about":["D\u016fm a byt"],"wordCount":399,"articleBody":"Trendy roku 2020 p\u0159edstavuj\u00ed v\u00fdrazn\u00e9 zm\u011bny jak v\u00a0materi\u00e1lech, tak i v\u00a0barv\u00e1ch.Nerez u\u017e neObm\u011bna materi\u00e1l\u016f p\u0159ich\u00e1z\u00ed hlavn\u011b v\u00a0proveden\u00ed dopl\u0148k\u016f. U\u017e i v\u00a0tomto roce si ne\u0161lo nev\u0161inout n\u00e1znak\u016f \u00fastupu pr\u00e1v\u011b nerezu. Nerezov\u00e9 d\u0159ezy a dopl\u0148ky jsou nahrazov\u00e1ny mosaznou, m\u011bd\u011bnou a zlatou variantou.Mat vytla\u010dil lesk. Design v\u00a0tak popul\u00e1rn\u00edm vysok\u00e9m lesku je out. Kombinace sk\u0159\u00edn\u011bk bez a s\u00a0\u00fachyty jsou \u0159e\u0161en\u00edm \u00faschovy nejen mal\u00fdch spot\u0159ebi\u010d\u016f. Modern\u011bj\u0161\u00ed ale za\u010d\u00ednaj\u00ed b\u00fdt otev\u0159en\u00e9 police a prostory na sklo \u010di j\u00eddeln\u00ed servis.\u00a0Minimalistick\u00fd vzhled podporuje vymizen\u00ed horn\u00edch sk\u0159\u00edn\u011bk. Co\u017e je pro men\u0161\u00ed prostory s\u00a0pot\u0159ebou \u00falo\u017en\u00e9ho prostoru bohu\u017eel n\u011bkdy nemysliteln\u00e9. Ty jsou nahrazeny velk\u00fdmi okny. In je m\u00edt spousta sv\u011btla.Standardn\u00ed a finan\u010dn\u011b v\u00fdhodnou mo\u017enost\u00ed pracovn\u00ed desky je laminovan\u00e1 d\u0159evot\u0159\u00edska. Nov\u011b se nab\u00edzej\u00ed variace um\u011bl\u00e9ho kamene nebo p\u0159\u00edrodn\u00edho d\u0159eva. Praskliny a suky, jindy ne\u017e\u00e1douc\u00ed, jsou designov\u00fdm prvkem. Nejvhodn\u011bji se jev\u00ed dub, buk, o\u0159ech, tropick\u00e9 d\u0159eviny, a to d\u00edky sv\u00fdm vlastnostem. Jsou odoln\u011bj\u0161\u00ed proti vlhku i vy\u0161\u0161\u00ed teplot\u011b.Stejn\u011b d\u016fle\u017eit\u00e1 je hmatov\u00e1 str\u00e1nka, tedy to, jak\u00fd pocit p\u0159in\u00e1\u0161\u00ed materi\u00e1l na dotek. Do pop\u0159ed\u00ed v\u00a0obl\u00edbenosti se dost\u00e1vaj\u00ed vedle hladk\u00fdch i strukturovan\u00e9 povrchy.\u00a0B\u00edl\u00e1? V\u016fbecB\u00edl\u00e1 je klasika. Uklizen\u00e1, \u010dist\u00e1. Tahle velmi obl\u00edben\u00e1 z\u00e1kladn\u00ed barva je nyn\u00ed nahrazov\u00e1na zelenou. A to v\u0161emi odst\u00edny. Od sv\u011b\u017e\u00ed, jarn\u00ed, sv\u011btle zelen\u00e9 po sytou m\u00e1tovou nebo olivovou.Z\u00a0dal\u0161\u00edch barev se hojn\u011b vyskytuje \u010dern\u00e1 a tmavomodr\u00e1, v\u00a0t\u011bsn\u00e9m z\u00e1v\u011bsu pak modr\u00e1, popelav\u011b r\u016f\u017eov\u00e1 a tyrkysov\u00e1.Mezi sk\u0159\u00ed\u0148kami a kuchy\u0148skou linkou, nebo od kuchy\u0148sk\u00e9 linky a\u017e ke stropu, z\u016fst\u00e1vaj\u00ed nad\u010dasov\u00e9 barvy. \u0160ed\u00e1, b\u00edl\u00e1, \u010dern\u00e1. K ochran\u011b st\u011bn a z\u00e1rove\u0148 k dolad\u011bn\u00ed v\u00fdrazu cel\u00e9 kuchyn\u011b se nab\u00edz\u00ed obklady, mozaiky, sklen\u011bn\u00e9, laminovan\u00e9 desky. M\u00e9n\u011b n\u00e1ro\u010dn\u00e9 na v\u00fddaje jsou tapety a omyvateln\u00fd n\u00e1t\u011br. V\u00fdhodou tapet je nejen nep\u0159ebern\u00e9 mno\u017estv\u00ed motiv\u016f, ale hlavn\u011b mo\u017enost rychl\u00e9 obm\u011bny.                                                                                                                                                                                                                                                                                                                                                                                        5\/5 - (7 votes)        "},{"@context":"https:\/\/schema.org\/","@type":"BreadcrumbList","itemListElement":[{"@type":"ListItem","position":1,"name":"Va\u0159ila my\u0161i\u010dka ka\u0161i\u010dku\u2026v nov\u00e9 kuchyni","item":"https:\/\/www.feryl.cz\/varila-mysicka-kasickuv-nove-kuchyni\/#breadcrumbitem"}]}]