[{"@context":"https:\/\/schema.org\/","@type":"Article","@id":"https:\/\/www.feryl.cz\/venujeme-zvysenou-pozornost-nasi-mladezi\/#Article","mainEntityOfPage":"https:\/\/www.feryl.cz\/venujeme-zvysenou-pozornost-nasi-mladezi\/","headline":"V\u011bnujeme zv\u00fd\u0161enou pozornost na\u0161\u00ed ml\u00e1de\u017ei","name":"V\u011bnujeme zv\u00fd\u0161enou pozornost na\u0161\u00ed ml\u00e1de\u017ei","description":"Na\u0161e sportovn\u00ed odv\u011btv\u00ed se star\u00e1 i o svou ml\u00e1de\u017e. Maj\u00ed skv\u011bl\u00e9 tren\u00e9ry. Jenom d\u00edky jim a vlastn\u00ed p\u00edli se jim da\u0159\u00ed dosahovat i v t\u011bchto kategori\u00edch dobr\u00fdch v\u00fdsledk\u016f. Za n\u011bkolik let i oni mohou zaz\u00e1\u0159it. V\u017edy\u0165 i na\u0161i \u0161pi\u010dkov\u00ed hr\u00e1\u010di kdysi takhle za\u010d\u00ednali. Douf\u00e1me, \u017ee jednou dos\u00e1hnout na mety nejvy\u0161\u0161\u00ed. Budeme jim dr\u017eet palce. \u010ct\u011bte&hellip; <div class=\"readmore-wrapper\"><a href=\"https:\/\/www.feryl.cz\/venujeme-zvysenou-pozornost-nasi-mladezi\/\" class=\"more-link\">P\u0159e\u010d\u00edst <\/a><\/div>","datePublished":"2024-12-26","dateModified":"2024-12-26","author":{"@type":"Person","@id":"https:\/\/www.feryl.cz\/author\/devene\/#Person","name":"devene","url":"https:\/\/www.feryl.cz\/author\/devene\/","identifier":1,"image":{"@type":"ImageObject","@id":"https:\/\/secure.gravatar.com\/avatar\/fb50772173929303fbe6024f179e4dd9837c71f6efc661bdb046860d442d05b5?s=96&d=mm&r=g","url":"https:\/\/secure.gravatar.com\/avatar\/fb50772173929303fbe6024f179e4dd9837c71f6efc661bdb046860d442d05b5?s=96&d=mm&r=g","height":96,"width":96}},"publisher":{"@type":"Organization","name":"feryl.cz","logo":{"@type":"ImageObject","@id":"\/logo.png","url":"\/logo.png","width":600,"height":60}},"url":"https:\/\/www.feryl.cz\/venujeme-zvysenou-pozornost-nasi-mladezi\/","wordCount":173,"articleBody":"Na\u0161e sportovn\u00ed odv\u011btv\u00ed se star\u00e1 i o svou ml\u00e1de\u017e. Maj\u00ed skv\u011bl\u00e9 tren\u00e9ry. Jenom d\u00edky jim a vlastn\u00ed p\u00edli se jim da\u0159\u00ed dosahovat i v t\u011bchto kategori\u00edch dobr\u00fdch v\u00fdsledk\u016f. Za n\u011bkolik let i oni mohou zaz\u00e1\u0159it. V\u017edy\u0165 i na\u0161i \u0161pi\u010dkov\u00ed hr\u00e1\u010di kdysi takhle za\u010d\u00ednali. Douf\u00e1me, \u017ee jednou dos\u00e1hnout na mety nejvy\u0161\u0161\u00ed. Budeme jim dr\u017eet palce. \u010ct\u011bte denn\u011b na\u0161e zpravodajstv\u00ed. O\u010dek\u00e1v\u00e1 v\u00e1s tenis on line. M\u00e1me tren\u00e9ry na \u0161pi\u010dkov\u00e9 \u00farovni V\u0161ichni, kte\u0159\u00ed se zaj\u00edmaj\u00ed o n\u00e1\u0161 sport, velmi dob\u0159e v\u011bd\u00ed, \u017ee i v minulosti n\u00e1s reprezentovali skv\u011bl\u00ed hr\u00e1\u010di. Nem\u016f\u017eeme na n\u011b zapom\u00ednat. Ur\u010dit\u011b zn\u00e1te Jana Kode\u0161e, Jana Koukala, Ivana Lendla, v \u017eensk\u00e9 kategorii pak Martinu Navr\u00e1tilovou, Helenu Sukovou, Janu Novotnou a mnoh\u00e9 dal\u0161\u00ed. Dnes v\u0161ak ji\u017e maj\u00ed v\u0161ak skv\u011bl\u00e9 n\u00e1stupce. Sledujte n\u00e1s na tenise on line.                                                                                                                                                                                                                                                                                                                                                                                        5\/5 - (1 vote)        "},{"@context":"https:\/\/schema.org\/","@type":"BreadcrumbList","itemListElement":[{"@type":"ListItem","position":1,"name":"V\u011bnujeme zv\u00fd\u0161enou pozornost na\u0161\u00ed ml\u00e1de\u017ei","item":"https:\/\/www.feryl.cz\/venujeme-zvysenou-pozornost-nasi-mladezi\/#breadcrumbitem"}]}]