[{"@context":"https:\/\/schema.org\/","@type":"Article","@id":"https:\/\/www.feryl.cz\/zruseni-letu\/#Article","mainEntityOfPage":"https:\/\/www.feryl.cz\/zruseni-letu\/","headline":"Zru\u0161en\u00ed letu","name":"Zru\u0161en\u00ed letu","description":"Pokud \u010dlov\u011bku zru\u0161\u00ed let z d\u016fvod\u016f, je\u017e dopravce nemohl ovlivnit, mus\u00ed se cestuj\u00edc\u00ed sm\u00ed\u0159it s t\u00edm, \u017ee ho budou ob\u010derstvovat b\u011bhem \u010dek\u00e1n\u00ed na leti\u0161ti\/leti\u0161t\u00edch a mo\u017en\u00e1 ho i ubytuj\u00ed v hotelu, pokud bude nucen \u010dekat p\u0159es noc. Ov\u0161em pokud za takov\u00fdm zru\u0161en\u00edm stoj\u00ed aerolinie samy, je mo\u017en\u00e9, \u017ee to pouze t\u011bmi v\u00fd\u0161e zm\u00edn\u011bn\u00fdmi \u201ap\u0159ilep\u0161en\u00edmi\u2018 neskon\u010d\u00ed.&hellip; <div class=\"readmore-wrapper\"><a href=\"https:\/\/www.feryl.cz\/zruseni-letu\/\" class=\"more-link\">P\u0159e\u010d\u00edst <\/a><\/div>","datePublished":"2019-09-12","dateModified":"2023-05-02","author":{"@type":"Person","@id":"https:\/\/www.feryl.cz\/author\/devene\/#Person","name":"devene","url":"https:\/\/www.feryl.cz\/author\/devene\/","identifier":1,"image":{"@type":"ImageObject","@id":"https:\/\/secure.gravatar.com\/avatar\/fb50772173929303fbe6024f179e4dd9837c71f6efc661bdb046860d442d05b5?s=96&d=mm&r=g","url":"https:\/\/secure.gravatar.com\/avatar\/fb50772173929303fbe6024f179e4dd9837c71f6efc661bdb046860d442d05b5?s=96&d=mm&r=g","height":96,"width":96}},"publisher":{"@type":"Organization","name":"feryl.cz","logo":{"@type":"ImageObject","@id":"\/logo.png","url":"\/logo.png","width":600,"height":60}},"image":{"@type":"ImageObject","@id":"https:\/\/www.feryl.cz\/wp-content\/uploads\/img_a350671_w1681_t1565592285.jpg","url":"https:\/\/www.feryl.cz\/wp-content\/uploads\/img_a350671_w1681_t1565592285.jpg","height":0,"width":0},"url":"https:\/\/www.feryl.cz\/zruseni-letu\/","about":["Ekonomika"],"wordCount":414,"articleBody":"   Pokud \u010dlov\u011bku zru\u0161\u00ed let z d\u016fvod\u016f, je\u017e dopravce nemohl ovlivnit, mus\u00ed se cestuj\u00edc\u00ed sm\u00ed\u0159it s t\u00edm, \u017ee ho budou ob\u010derstvovat b\u011bhem \u010dek\u00e1n\u00ed na leti\u0161ti\/leti\u0161t\u00edch a mo\u017en\u00e1 ho i ubytuj\u00ed v hotelu, pokud bude nucen \u010dekat p\u0159es noc.Ov\u0161em pokud za takov\u00fdm zru\u0161en\u00edm stoj\u00ed aerolinie samy, je mo\u017en\u00e9, \u017ee to pouze t\u011bmi v\u00fd\u0161e zm\u00edn\u011bn\u00fdmi \u201ap\u0159ilep\u0161en\u00edmi\u2018 neskon\u010d\u00ed. \u017de se \u010dlov\u011bku nav\u00edc dostane i finan\u010dn\u00ed kompenzace, \u00fam\u011brn\u00e9 d\u00e9lce zpo\u017ed\u011bn\u00ed, je\u017e v souvislosti se zru\u0161en\u00fdm letem vznikne, a vzd\u00e1lenosti po\u010d\u00e1te\u010dn\u00edho a kone\u010dn\u00e9ho bodu jeho cesty.Aby tomu tak bylo, mus\u00ed doj\u00edt ke spln\u011bn\u00ed dan\u00fdch podm\u00ednek. Tedy mus\u00ed j\u00edt \u2013 jak ji\u017e zazn\u011blo \u2013 o provin\u011bn\u00ed dopravce, je\u017e je specifikov\u00e1no t\u00edm, \u017ee:1) o tom neinformoval doty\u010dn\u00e9ho pasa\u017e\u00e9ra v\u00edce ne\u017e dva t\u00fddny p\u0159edem2) nebo ho neinformoval alespo\u0148 \u010dtrn\u00e1ct dn\u00ed a\u017e t\u00fdden p\u0159edem sou\u010dasn\u011b s nab\u00eddkou relativn\u011b srovnateln\u00e9ho n\u00e1hradn\u00edho letu3) nebo ho neinformoval m\u00e9n\u011b ne\u017e t\u00fdden p\u0159edem spolu s nab\u00eddkou n\u00e1hradn\u00edho letu s parametry velice bl\u00edzk\u00fdmi letu p\u016fvodn\u00edmuPlus nav\u00edc plat\u00ed, \u017ee se mus\u00ed jednat o let1) operovan\u00fd leteckou spole\u010dnost\u00ed n\u011bkter\u00e9 ze zem\u00ed, je\u017e spadaj\u00ed pod regulaci EC 261\/2004, tedy s\u00eddl\u00edc\u00ed v Evropsk\u00e9 unii, Norsku, \u0160v\u00fdcarsku nebo na Islandu2) operovan\u00fd v pr\u00e1v\u011b zm\u00edn\u011bn\u00e9m prostoru3) odl\u00e9taj\u00edc\u00ed ze zm\u00edn\u011bn\u00e9ho prostoru mimo n\u011bjProto\u017ee v ostatn\u00edch p\u0159\u00edpadech m\u016f\u017ee b\u00fdt v\u0161e jinak, tam zru\u0161en\u00fd let od\u0161kod\u0148uj\u00ed podle z\u00e1kon\u016f t\u00e9 kter\u00e9 zem\u011b nebo podle p\u0159epravn\u00edch podm\u00ednek t\u00e9 kter\u00e9 spole\u010dnosti.Pokud prost\u011b \u201ana\u0161e\u2018 aerolinie nespln\u00ed sv\u00e9 povinnosti, mus\u00ed zklaman\u00e9ho pasa\u017e\u00e9ra od\u0161kodnit. A proto\u017ee m\u016f\u017ee b\u00fdt slo\u017eit\u00e9, pen\u00edze z nich vym\u00e1mit, je jenom dob\u0159e, \u017ee existuj\u00edc pr\u00e1vn\u00edci, kte\u0159\u00ed se na tuto problematiku specializuj\u00ed a \u010dlov\u011bku s vym\u00e1h\u00e1n\u00edm ochotn\u011b pomohou. Sice pochopiteln\u011b ne zadarmo, av\u0161ak za provizi, ji\u017e si \u00fa\u010dtuj\u00ed pouze ze skute\u010dn\u011b vymo\u017een\u00fdch pen\u011bz, tak\u017ee na jejich slu\u017eb\u00e1ch nelze prod\u011blat.A co si p\u0159\u00e1t v\u00edce, \u017ee?                                                                                                                                                                                                                                                                                                                                                                                          4.1\/5 - (11 votes)        "},{"@context":"https:\/\/schema.org\/","@type":"BreadcrumbList","itemListElement":[{"@type":"ListItem","position":1,"name":"Zru\u0161en\u00ed letu","item":"https:\/\/www.feryl.cz\/zruseni-letu\/#breadcrumbitem"}]}]